{"id":80873,"date":"2018-11-28T10:02:15","date_gmt":"2018-11-28T13:02:15","guid":{"rendered":"http:\/\/www.locoxelrojo.com\/independiente\/?p=80873"},"modified":"2018-11-29T12:38:15","modified_gmt":"2018-11-29T15:38:15","slug":"sigue-fernando-beron-2","status":"publish","type":"post","link":"https:\/\/www.locoxelrojo.com\/independiente\/2018\/11\/28\/sigue-fernando-beron-2\/","title":{"rendered":"Sigue Ber\u00f3n"},"content":{"rendered":"<p><strong>Fernando Ber\u00f3n acord\u00f3 su continuidad en Independiente<\/strong> en lo dos cargos que tiene en la actualidad.<\/p>\n<p>Los dirigentes del Rojo se reunieron con Ber\u00f3n y acordaron que contin\u00fae en el club. <strong>Tal como pasa actualmente, mantendr\u00e1 su cargo como t\u00e9cnico de la Reserva y coordinador de las Divisiones Inferiores. <\/strong><\/p>\n<p>El acuerdo fue de palabra y <strong>a\u00fan no est\u00e1n definidos los plazos del nuevo contrato<\/strong>.<\/p>\n","protected":false},"excerpt":{"rendered":"<p>Fernando Ber\u00f3n acord\u00f3 su continuidad en Independiente en lo dos cargos que tiene en la actualidad. Los dirigentes del Rojo se reunieron con Ber\u00f3n y acordaron que contin\u00fae en el club. Tal como pasa actualmente, mantendr\u00e1 su cargo como t\u00e9cnico de la Reserva y coordinador de las Divisiones Inferiores. El acuerdo fue de palabra y [&hellip;]<\/p>\n","protected":false},"author":1,"featured_media":80773,"comment_status":"open","ping_status":"closed","sticky":false,"template":"","format":"standard","meta":{"_links_to":"","_links_to_target":""},"categories":[3280,3247],"tags":[2862],"_links":{"self":[{"href":"https:\/\/www.locoxelrojo.com\/independiente\/wp-json\/wp\/v2\/posts\/80873"}],"collection":[{"href":"https:\/\/www.locoxelrojo.com\/independiente\/wp-json\/wp\/v2\/posts"}],"about":[{"href":"https:\/\/www.locoxelrojo.com\/independiente\/wp-json\/wp\/v2\/types\/post"}],"author":[{"embeddable":true,"href":"https:\/\/www.locoxelrojo.com\/independiente\/wp-json\/wp\/v2\/users\/1"}],"replies":[{"embeddable":true,"href":"https:\/\/www.locoxelrojo.com\/independiente\/wp-json\/wp\/v2\/comments?post=80873"}],"version-history":[{"count":0,"href":"https:\/\/www.locoxelrojo.com\/independiente\/wp-json\/wp\/v2\/posts\/80873\/revisions"}],"wp:featuredmedia":[{"embeddable":true,"href":"https:\/\/www.locoxelrojo.com\/independiente\/wp-json\/wp\/v2\/media\/80773"}],"wp:attachment":[{"href":"https:\/\/www.locoxelrojo.com\/independiente\/wp-json\/wp\/v2\/media?parent=80873"}],"wp:term":[{"taxonomy":"category","embeddable":true,"href":"https:\/\/www.locoxelrojo.com\/independiente\/wp-json\/wp\/v2\/categories?post=80873"},{"taxonomy":"post_tag","embeddable":true,"href":"https:\/\/www.locoxelrojo.com\/independiente\/wp-json\/wp\/v2\/tags?post=80873"}],"curies":[{"name":"wp","href":"https:\/\/api.w.org\/{rel}","templated":true}]}}