{"id":80921,"date":"2018-12-02T21:02:36","date_gmt":"2018-12-03T00:02:36","guid":{"rendered":"http:\/\/www.locoxelrojo.com\/independiente\/?p=80921"},"modified":"2018-12-03T18:20:11","modified_gmt":"2018-12-03T21:20:11","slug":"con-las-manos-limpias-independiente","status":"publish","type":"post","link":"https:\/\/www.locoxelrojo.com\/independiente\/2018\/12\/02\/con-las-manos-limpias-independiente\/","title":{"rendered":"Con las manos limpias"},"content":{"rendered":"<p><a href=\"https:\/\/www.locoxelrojo.com\/independiente\/2018\/12\/02\/herrera-metio-la-mano\/\"><strong>El p\u00e9simo arbitraje de Dar\u00edo Herrera<\/strong><\/a><strong> llen\u00f3 de calentura a los hinchas de Independiente<\/strong>, a Ariel Holan, a los jugadores y a Pablo Moyano. Pero la cosa no qued\u00f3 ah\u00ed, <strong>desde la cuenta oficial del club tambi\u00e9n reflejaron la bronca<\/strong>.<\/p>\n<p><strong>Dos rojas, dos penales y un gol mal anulado fue el saldo de Herrera, sin lugar a dudas uno de los peores \u00e1rbitros del f\u00fatbol argentino.<\/strong> Por eso, a la queja de <a href=\"https:\/\/www.locoxelrojo.com\/independiente\/2018\/12\/02\/holan-nos-metieron-la-mano-en-el-bolsillo-esto-es-muy-burdo\/\">Holan<\/a>, <a href=\"https:\/\/www.locoxelrojo.com\/independiente\/2018\/12\/02\/benitez-tengo-mucha-bronca-porque-queriamos-ganar-y-darle-una-alegria-a-la-gente\/\">Ben\u00edtez<\/a> y el <a href=\"https:\/\/www.locoxelrojo.com\/independiente\/2018\/12\/02\/p-moyano-lo-de-herrera-fue-muy-alevoso-es-un-caradura\/\">vicepresidente Moyano<\/a> se sumaron las redes de Independiente.<\/p>\n<p><strong>Con una imagen simb\u00f3lica sintetiz\u00f3 el sentimiento de los hinchas del Rojo:<\/strong><\/p>\n<blockquote class=\"twitter-tweet\" data-lang=\"es\">\n<p dir=\"ltr\" lang=\"es\"><a href=\"https:\/\/twitter.com\/hashtag\/ConLosBrazosEnAlto?src=hash&amp;ref_src=twsrc%5Etfw\">#ConLosBrazosEnAlto<\/a> y las manos limpias. Orgullosos de lo que somos. Hoy y siempre.<a href=\"https:\/\/twitter.com\/hashtag\/El%C3%9AnicoRey?src=hash&amp;ref_src=twsrc%5Etfw\">#El\u00danicoRey<\/a> <a href=\"https:\/\/twitter.com\/hashtag\/TodoRojo?src=hash&amp;ref_src=twsrc%5Etfw\">#TodoRojo<\/a> &#x1f534; <a href=\"https:\/\/t.co\/54rcJrz0kV\">pic.twitter.com\/54rcJrz0kV<\/a><\/p>\n<p>\u2014 C. A. Independiente (@Independiente) <a href=\"https:\/\/twitter.com\/Independiente\/status\/1069400077456891904?ref_src=twsrc%5Etfw\">3 de diciembre de 2018<\/a><\/p><\/blockquote>\n<p><script async src=\"https:\/\/platform.twitter.com\/widgets.js\" charset=\"utf-8\"><\/script><\/p>\n","protected":false},"excerpt":{"rendered":"<p>El p\u00e9simo arbitraje de Dar\u00edo Herrera llen\u00f3 de calentura a los hinchas de Independiente, a Ariel Holan, a los jugadores y a Pablo Moyano. Pero la cosa no qued\u00f3 ah\u00ed, desde la cuenta oficial del club tambi\u00e9n reflejaron la bronca. Dos rojas, dos penales y un gol mal anulado fue el saldo de Herrera, sin [&hellip;]<\/p>\n","protected":false},"author":1,"featured_media":80924,"comment_status":"open","ping_status":"closed","sticky":false,"template":"","format":"standard","meta":{"_links_to":"","_links_to_target":""},"categories":[3247,3363],"tags":[2820,153,2511,3959],"_links":{"self":[{"href":"https:\/\/www.locoxelrojo.com\/independiente\/wp-json\/wp\/v2\/posts\/80921"}],"collection":[{"href":"https:\/\/www.locoxelrojo.com\/independiente\/wp-json\/wp\/v2\/posts"}],"about":[{"href":"https:\/\/www.locoxelrojo.com\/independiente\/wp-json\/wp\/v2\/types\/post"}],"author":[{"embeddable":true,"href":"https:\/\/www.locoxelrojo.com\/independiente\/wp-json\/wp\/v2\/users\/1"}],"replies":[{"embeddable":true,"href":"https:\/\/www.locoxelrojo.com\/independiente\/wp-json\/wp\/v2\/comments?post=80921"}],"version-history":[{"count":0,"href":"https:\/\/www.locoxelrojo.com\/independiente\/wp-json\/wp\/v2\/posts\/80921\/revisions"}],"wp:featuredmedia":[{"embeddable":true,"href":"https:\/\/www.locoxelrojo.com\/independiente\/wp-json\/wp\/v2\/media\/80924"}],"wp:attachment":[{"href":"https:\/\/www.locoxelrojo.com\/independiente\/wp-json\/wp\/v2\/media?parent=80921"}],"wp:term":[{"taxonomy":"category","embeddable":true,"href":"https:\/\/www.locoxelrojo.com\/independiente\/wp-json\/wp\/v2\/categories?post=80921"},{"taxonomy":"post_tag","embeddable":true,"href":"https:\/\/www.locoxelrojo.com\/independiente\/wp-json\/wp\/v2\/tags?post=80921"}],"curies":[{"name":"wp","href":"https:\/\/api.w.org\/{rel}","templated":true}]}}