{"id":81,"date":"2010-08-17T20:18:02","date_gmt":"2010-08-17T20:18:02","guid":{"rendered":"http:\/\/www.locoxelrojo.com.ar\/independiente\/?p=81"},"modified":"2015-09-08T21:38:29","modified_gmt":"2015-09-09T00:38:29","slug":"primera-practica-de-villafanez","status":"publish","type":"post","link":"https:\/\/www.locoxelrojo.com\/independiente\/2010\/08\/17\/primera-practica-de-villafanez\/","title":{"rendered":"Primera pr\u00e1ctica de Lucas Villaf\u00e1\u00f1ez"},"content":{"rendered":"<p><a href=\"http:\/\/www.locoxelrojo.com.ar\/independiente\/wp-content\/uploads\/2010\/08\/villafa2.jpg\"><img loading=\"lazy\" class=\"alignnone size-full wp-image-82\" title=\"villafa2\" src=\"http:\/\/www.locoxelrojo.com.ar\/independiente\/wp-content\/uploads\/2010\/08\/villafa2.jpg\" alt=\"\" width=\"550\" height=\"315\" srcset=\"https:\/\/locoxelrojo.com\/independiente\/wp-content\/uploads\/2010\/08\/villafa2.jpg 550w, https:\/\/locoxelrojo.com\/independiente\/wp-content\/uploads\/2010\/08\/villafa2-300x171.jpg 300w\" sizes=\"(max-width: 550px) 100vw, 550px\" \/><\/a><\/p>\n<p>El volante ofensivo, Lucas Mart\u00edn Villaf\u00e1\u00f1ez, quien lleg\u00f3 a pr\u00e9stamo y con una opci\u00f3n de compra de US$500.000, realiz\u00f3 hoy martes su primer entrenamiento con el plantel profesional en el predio de Villa Dominico.<\/p>\n<p>Villafa\u00f1ez es un volante ofensivo, derecho, de buen pie que suele moverse como enganche aunque tambi\u00e9n puede jugar como delantero, sin embargo su gran virtud es la facilidad con la cual encuentra los espacios libres en el campo de juego para desequilibrar con su gambeta y su velocidad. Recientemente fue convocado para integrar el seleccionado Sub 20 argentino que\u00a0 disputo el Torneo Hexagonal de Paraguay donde cay\u00f3 en la final frente a Colombia.<\/p>\n<p>Naci\u00f3 el 4 de octubre de 1991, y debut\u00f3 en primera con solo 16 a\u00f1os en un partido frente a Los Andes correspondiente al campeonato de la B Nacional.<\/p>\n","protected":false},"excerpt":{"rendered":"<p>El volante ofensivo, Lucas Mart\u00edn Villaf\u00e1\u00f1ez, quien lleg\u00f3 a pr\u00e9stamo y con una opci\u00f3n de compra de US$500.000, realiz\u00f3 hoy martes su primer entrenamiento con el plantel profesional en el predio de Villa Dominico. Villafa\u00f1ez es un volante ofensivo, derecho, de buen pie que suele moverse como enganche aunque tambi\u00e9n puede jugar como delantero, sin [&hellip;]<\/p>\n","protected":false},"author":1,"featured_media":0,"comment_status":"open","ping_status":"open","sticky":false,"template":"","format":"standard","meta":{"_links_to":"","_links_to_target":""},"categories":[3,1],"tags":[61],"_links":{"self":[{"href":"https:\/\/www.locoxelrojo.com\/independiente\/wp-json\/wp\/v2\/posts\/81"}],"collection":[{"href":"https:\/\/www.locoxelrojo.com\/independiente\/wp-json\/wp\/v2\/posts"}],"about":[{"href":"https:\/\/www.locoxelrojo.com\/independiente\/wp-json\/wp\/v2\/types\/post"}],"author":[{"embeddable":true,"href":"https:\/\/www.locoxelrojo.com\/independiente\/wp-json\/wp\/v2\/users\/1"}],"replies":[{"embeddable":true,"href":"https:\/\/www.locoxelrojo.com\/independiente\/wp-json\/wp\/v2\/comments?post=81"}],"version-history":[{"count":0,"href":"https:\/\/www.locoxelrojo.com\/independiente\/wp-json\/wp\/v2\/posts\/81\/revisions"}],"wp:attachment":[{"href":"https:\/\/www.locoxelrojo.com\/independiente\/wp-json\/wp\/v2\/media?parent=81"}],"wp:term":[{"taxonomy":"category","embeddable":true,"href":"https:\/\/www.locoxelrojo.com\/independiente\/wp-json\/wp\/v2\/categories?post=81"},{"taxonomy":"post_tag","embeddable":true,"href":"https:\/\/www.locoxelrojo.com\/independiente\/wp-json\/wp\/v2\/tags?post=81"}],"curies":[{"name":"wp","href":"https:\/\/api.w.org\/{rel}","templated":true}]}}