{"id":8101,"date":"2011-05-23T20:13:27","date_gmt":"2011-05-23T23:13:27","guid":{"rendered":"http:\/\/www.locoxelrojo.com.ar\/independiente\/?p=8101"},"modified":"2011-05-23T20:17:16","modified_gmt":"2011-05-23T23:17:16","slug":"gracian-o-tengo-problema-en-hacer-un-esfuerzo-para-quedarme-porque-estoy-contento-con-el-cuerpo-tecnico","status":"publish","type":"post","link":"https:\/\/www.locoxelrojo.com\/independiente\/2011\/05\/23\/gracian-o-tengo-problema-en-hacer-un-esfuerzo-para-quedarme-porque-estoy-contento-con-el-cuerpo-tecnico\/","title":{"rendered":"Graci\u00e1n: &#8220;No tengo problema en hacer un esfuerzo para quedarme porque estoy contento con el cuerpo t\u00e9cnico&#8221;"},"content":{"rendered":"<p><a href=\"http:\/\/www.locoxelrojo.com.ar\/independiente\/wp-content\/uploads\/2011\/05\/Leandro_Gracian_Independiente.jpg\"><img loading=\"lazy\" class=\"alignnone size-full wp-image-8102\" title=\"Leandro_Gracian_Independiente\" src=\"http:\/\/www.locoxelrojo.com.ar\/independiente\/wp-content\/uploads\/2011\/05\/Leandro_Gracian_Independiente.jpg\" alt=\"\" width=\"590\" height=\"315\" srcset=\"https:\/\/locoxelrojo.com\/independiente\/wp-content\/uploads\/2011\/05\/Leandro_Gracian_Independiente.jpg 590w, https:\/\/locoxelrojo.com\/independiente\/wp-content\/uploads\/2011\/05\/Leandro_Gracian_Independiente-300x160.jpg 300w\" sizes=\"(max-width: 590px) 100vw, 590px\" \/><\/a><\/p>\n<p><strong>Leandro Graci\u00e1n<\/strong> dialog\u00f3 con<strong> Fox Sports Radio Del Plata. <\/strong>El enganche explic\u00f3 el episodio del viernes. Adem\u00e1s, explic\u00f3 que es positivo el poder ratificar el buen juego en los resultados y agreg\u00f3 que a\u00fan no han hablado sobre su posible continuidad en el club. <strong>&#8220;Estamos terminando el campeonato muy bien, estamos contentos con el final pero nos gustar\u00eda estar en la Copa porque lo de Pe\u00f1arol fue una l\u00e1stima. Hasta el d\u00eda de hoy nos lamentamos no haber podido pasar la fase de grupos&#8221;<\/strong>, comenz\u00f3 diciendo.<\/p>\n<p>Luego, se refiri\u00f3 a la deuda. <strong>&#8220;La realidad es que se hab\u00eda prometido una cosa, no se cumpli\u00f3 y esperamos hasta tarde otra promesa que tampoco se dio. Nos pusimos a pensar que nos conven\u00eda, c\u00f3mo estaba el plantel y charlamos mucho. Decidimos quedarnos, olvidarnos de todo y prepararnos para un partido important\u00edsimo y que nos dio tranquilidad a nosotros y a la gente&#8221;<\/strong>, cont\u00f3.<\/p>\n<p>Respecto a los pasos a seguir en la negociaci\u00f3n y la financiaci\u00f3n de la deuda; el enganche explic\u00f3: <strong>&#8220;ahora tenemos que charlar en la semana, Julio y toda la gente que est\u00e1 en la directiva son personas con las que se puede charlar, negociar y llegar a un arreglo. Lo vamos a hacer puertas adentro. Lamentablemente esto sali\u00f3 puertas afuera, es una pena pero lo vamos a resolver porque hay predisposici\u00f3n&#8221;.<\/strong><\/p>\n<p>Igualmente, aclar\u00f3 que el reclamo fue conjunto y no de los jugadores que quedan en libertad de acci\u00f3n. &#8220;<strong>No tengo problema en decirte que todo el plantel reclamaba la misma situaci\u00f3n m\u00e1s all\u00e1 de los contratos personales en donde uno pelea lo suyo. El problema era grande y de todos. Lleg\u00f3 un momento en donde se lleg\u00f3 al l\u00edmite, tratamos de no perjudicar a nadie pero a veces no se puede. Atr\u00e1s de Carlos somos 10 o 12 de los m\u00e1s grandes que lo apoyamos y tratamos de tomar las mejores decisiones para el plantel. No eran pensamientos individuales, me da pena que varios jugaores salgan perjudicados porque todos ten\u00edamos una misma causa&#8221;.<\/strong><\/p>\n<p>Respecto a su continuidad, Graci\u00e1n coment\u00f3 que a\u00fan no se ha hablado nada al respecto. &#8220;<strong>Quiero demostrarle a la gente y al cuerpo t\u00e9cnico en estos 4 partidos que estoy bien, no tengo problema en hacer un esfuerzo para quedarme porque estoy contento con el cuerpo t\u00e9cnico, la pasamos muy bien. El Turco desdramatiza y trabajamos con alegr\u00eda, me gusta su estilo de juego. En el plantel me siento uno m\u00e1s, nos llevamos muy bien y estoy muy c\u00f3modo. Sino voy a cumplir mi contrato en Boca&#8221;.<\/strong><\/p>\n<p>Por \u00faltimo, se puso una meta para el final del semestre. <strong>&#8220;Ser\u00eda un error pensar que ya est\u00e1, me tengo fe para los \u00faltimos 4 partidos, queremos 9 puntos de 12 y olvidarnos de la tabla de abajo porque no la merecemos por la forma de jugar. Pensamos en los de arriba y queremos terminar en lo m\u00e1s alto porque se vienen 3 copas&#8221;<\/strong>, avis\u00f3. Y luego concluy\u00f3: &#8220;<strong>he mantenido una muy buena relaci\u00f3n con el Turco y estaba para jugar, fue una decisi\u00f3n de \u00e9l no jugar los 90 minutos. Generalmente a los DTS les gusta sacar los enganches para defender el resultado.&#8221;<\/strong><\/p>\n","protected":false},"excerpt":{"rendered":"<p>Leandro Graci\u00e1n dialog\u00f3 con Fox Sports Radio Del Plata. El enganche explic\u00f3 el episodio del viernes. Adem\u00e1s, explic\u00f3 que es positivo el poder ratificar el buen juego en los resultados y agreg\u00f3 que a\u00fan no han hablado sobre su posible continuidad en el club. &#8220;Estamos terminando el campeonato muy bien, estamos contentos con el final [&hellip;]<\/p>\n","protected":false},"author":1,"featured_media":0,"comment_status":"open","ping_status":"open","sticky":false,"template":"","format":"standard","meta":{"_links_to":"","_links_to_target":""},"categories":[3,1],"tags":[115,193,153,645,38],"_links":{"self":[{"href":"https:\/\/www.locoxelrojo.com\/independiente\/wp-json\/wp\/v2\/posts\/8101"}],"collection":[{"href":"https:\/\/www.locoxelrojo.com\/independiente\/wp-json\/wp\/v2\/posts"}],"about":[{"href":"https:\/\/www.locoxelrojo.com\/independiente\/wp-json\/wp\/v2\/types\/post"}],"author":[{"embeddable":true,"href":"https:\/\/www.locoxelrojo.com\/independiente\/wp-json\/wp\/v2\/users\/1"}],"replies":[{"embeddable":true,"href":"https:\/\/www.locoxelrojo.com\/independiente\/wp-json\/wp\/v2\/comments?post=8101"}],"version-history":[{"count":0,"href":"https:\/\/www.locoxelrojo.com\/independiente\/wp-json\/wp\/v2\/posts\/8101\/revisions"}],"wp:attachment":[{"href":"https:\/\/www.locoxelrojo.com\/independiente\/wp-json\/wp\/v2\/media?parent=8101"}],"wp:term":[{"taxonomy":"category","embeddable":true,"href":"https:\/\/www.locoxelrojo.com\/independiente\/wp-json\/wp\/v2\/categories?post=8101"},{"taxonomy":"post_tag","embeddable":true,"href":"https:\/\/www.locoxelrojo.com\/independiente\/wp-json\/wp\/v2\/tags?post=8101"}],"curies":[{"name":"wp","href":"https:\/\/api.w.org\/{rel}","templated":true}]}}