{"id":81067,"date":"2018-12-13T17:41:29","date_gmt":"2018-12-13T20:41:29","guid":{"rendered":"http:\/\/www.locoxelrojo.com\/independiente\/?p=81067"},"modified":"2018-12-13T21:09:48","modified_gmt":"2018-12-14T00:09:48","slug":"nicolas-domingo-independiente-2017-fue-el-mejor-equipo-que-integre","status":"publish","type":"post","link":"https:\/\/www.locoxelrojo.com\/independiente\/2018\/12\/13\/nicolas-domingo-independiente-2017-fue-el-mejor-equipo-que-integre\/","title":{"rendered":"Domingo: &#8220;Independiente 2017 fue el mejor equipo que integr\u00e9&#8221;"},"content":{"rendered":"<p><a href=\"https:\/\/www.locoxelrojo.com\/independiente\/2018\/12\/13\/a-un-ano-del-segundo-maracanazo\/\">A un a\u00f1o del segundo Maracanazo<\/a>, <strong>Nicol\u00e1s Domingo<\/strong> record\u00f3 aquella final ante Flamengo y reconoci\u00f3 que fue el mejor equipo en el que le toc\u00f3 jugar. <strong>&#8220;Era un equipazo total. Nunca nos dimos por vencido&#8221;<\/strong>, se\u00f1al\u00f3.<\/p>\n<p><strong>&#8220;Hoy es un d\u00eda especial. Todos vamos a recordar toda la vida este campeonato. Fue una Copa Sudamericana inolvidable, un triunfo hist\u00f3rico. Dejamos afuera a grandes equipos y luego el partido en el Maracan\u00e1 fue \u00e9pico&#8221;<\/strong>, comenz\u00f3 el mediocampista en di\u00e1logo con Muy Independiente.<\/p>\n<p>En ese sentido, Domingo profundiz\u00f3: <strong>&#8220;Si hay una manera adversa de ganar una final internacional es la que nos toc\u00f3 a nosotros. Todo en contra, de visitante, en el Maracan\u00e1 y siendo Brasil. Fue muy valorable e hist\u00f3rico&#8221;<\/strong>. Y luego, agreg\u00f3: <strong>&#8220;La gente se emocion\u00f3 mucho y se siente representada. Para nosotros ser\u00e1 eterna esta victoria. Nunca nos vamos a olvidar. Ojal\u00e1 los que seguimos ahora sigamos escribiendo p\u00e1ginas de gloria en Independiente&#8221;<\/strong>.<\/p>\n<p>Claro est\u00e1 que para el experimentado futbolista de 33 a\u00f1os, la consagraci\u00f3n no fue casualidad. <strong>&#8220;Independiente 2017 fue el mejor equipo que integr\u00e9, por rendimientos individuales y colectivos, importancia de logros, intensidad y compromiso. El equipo ten\u00eda una personalidad notable. Era un equipazo total. Nunca nos dimos por vencido en toda la Copa&#8221;<\/strong>, manifest\u00f3.<\/p>\n<p>Pero lejos de dormirse en los laureles, Domingo sabe que hay que cambiar el chip r\u00e1pidamente para el pr\u00f3ximo semestre. Y sobre todo estar a la altura. <strong>&#8220;El 3 de enero volvemos con la pretemporada y empieza un nuevo ciclo. Ojal\u00e1 cumplamos con los objetivos en el 2019&#8221;<\/strong>, concluy\u00f3.<\/p>\n","protected":false},"excerpt":{"rendered":"<p>A un a\u00f1o del segundo Maracanazo, Nicol\u00e1s Domingo record\u00f3 aquella final ante Flamengo y reconoci\u00f3 que fue el mejor equipo en el que le toc\u00f3 jugar. &#8220;Era un equipazo total. Nunca nos dimos por vencido&#8221;, se\u00f1al\u00f3. &#8220;Hoy es un d\u00eda especial. Todos vamos a recordar toda la vida este campeonato. Fue una Copa Sudamericana inolvidable, [&hellip;]<\/p>\n","protected":false},"author":19,"featured_media":81069,"comment_status":"open","ping_status":"closed","sticky":false,"template":"","format":"standard","meta":{"_links_to":"","_links_to_target":""},"categories":[3247,3],"tags":[153,3347,3367],"_links":{"self":[{"href":"https:\/\/www.locoxelrojo.com\/independiente\/wp-json\/wp\/v2\/posts\/81067"}],"collection":[{"href":"https:\/\/www.locoxelrojo.com\/independiente\/wp-json\/wp\/v2\/posts"}],"about":[{"href":"https:\/\/www.locoxelrojo.com\/independiente\/wp-json\/wp\/v2\/types\/post"}],"author":[{"embeddable":true,"href":"https:\/\/www.locoxelrojo.com\/independiente\/wp-json\/wp\/v2\/users\/19"}],"replies":[{"embeddable":true,"href":"https:\/\/www.locoxelrojo.com\/independiente\/wp-json\/wp\/v2\/comments?post=81067"}],"version-history":[{"count":0,"href":"https:\/\/www.locoxelrojo.com\/independiente\/wp-json\/wp\/v2\/posts\/81067\/revisions"}],"wp:featuredmedia":[{"embeddable":true,"href":"https:\/\/www.locoxelrojo.com\/independiente\/wp-json\/wp\/v2\/media\/81069"}],"wp:attachment":[{"href":"https:\/\/www.locoxelrojo.com\/independiente\/wp-json\/wp\/v2\/media?parent=81067"}],"wp:term":[{"taxonomy":"category","embeddable":true,"href":"https:\/\/www.locoxelrojo.com\/independiente\/wp-json\/wp\/v2\/categories?post=81067"},{"taxonomy":"post_tag","embeddable":true,"href":"https:\/\/www.locoxelrojo.com\/independiente\/wp-json\/wp\/v2\/tags?post=81067"}],"curies":[{"name":"wp","href":"https:\/\/api.w.org\/{rel}","templated":true}]}}