{"id":81070,"date":"2018-12-13T20:20:34","date_gmt":"2018-12-13T23:20:34","guid":{"rendered":"http:\/\/www.locoxelrojo.com\/independiente\/?p=81070"},"modified":"2018-12-13T21:09:56","modified_gmt":"2018-12-14T00:09:56","slug":"martin-campana-volvio-al-maracana-a-un-ano-de-la-consagracion","status":"publish","type":"post","link":"https:\/\/www.locoxelrojo.com\/independiente\/2018\/12\/13\/martin-campana-volvio-al-maracana-a-un-ano-de-la-consagracion\/","title":{"rendered":"Campa\u00f1a volvi\u00f3 al Maracan\u00e1 a un a\u00f1o de la consagraci\u00f3n"},"content":{"rendered":"<p><strong>Mart\u00edn Campa\u00f1a visit\u00f3 el Maracan\u00e1 en el primer aniversario de la consagraci\u00f3n de Independiente en la Copa Sudamericana. Leandro Fern\u00e1ndez le record\u00f3 una jugada muy particular.<\/strong><\/p>\n<p>Un a\u00f1o despu\u00e9s del partido que le dio al Rojo su copa n\u00famero 17, el uruguayo aprovech\u00f3 sus vacaciones en R\u00edo de Janeiro para revivir aquella noche de gloria. En compa\u00f1\u00eda de amigos, <strong>recorri\u00f3 el m\u00edtico Estadio Maracan\u00e1, escenario de la conquista del Rey de Copas y de una nueva decepci\u00f3n de 70.000 hinchas de Flamengo<\/strong>.<\/p>\n<blockquote class=\"twitter-tweet\" data-lang=\"es\">\n<p dir=\"ltr\" lang=\"es\">Nunca visitante, siempre de local &#x1f60d;<\/p>\n<p>En sus vacaciones, <a href=\"https:\/\/twitter.com\/mcampi25?ref_src=twsrc%5Etfw\">@mcampi25<\/a> aprovech\u00f3 a visitar el Maracan\u00e1. S\u00ed, justo un a\u00f1o despu\u00e9s de conquistarlo.<a href=\"https:\/\/twitter.com\/hashtag\/El%C3%9AnicoRey?src=hash&amp;ref_src=twsrc%5Etfw\">#El\u00danicoRey<\/a> <a href=\"https:\/\/twitter.com\/hashtag\/TodoRojo?src=hash&amp;ref_src=twsrc%5Etfw\">#TodoRojo<\/a> &#x1f534; <a href=\"https:\/\/t.co\/OBBDOBrHbu\">pic.twitter.com\/OBBDOBrHbu<\/a><\/p>\n<p>\u2014 C. A. Independiente (@Independiente) <a href=\"https:\/\/twitter.com\/Independiente\/status\/1073291261371662337?ref_src=twsrc%5Etfw\">13 de diciembre de 2018<\/a><\/p><\/blockquote>\n<p><script async src=\"https:\/\/platform.twitter.com\/widgets.js\" charset=\"utf-8\"><\/script><\/p>\n<p>Entre tantos comentarios de hinchas que celebraron la visita, se destac\u00f3 el de Fern\u00e1ndez. El delantero no tard\u00f3 en aparecer para recordar la gambeta del arquero a pocos minutos del final del partido ante Flamengo. <strong>&#8220;Herma, \u00bfles contaste c\u00f3mo la pisaste ah\u00ed a los 85 ah\u00ed en esa canchita?&#8221;<\/strong>, escribi\u00f3 Leandro en Twitter.<\/p>\n<blockquote class=\"twitter-tweet\" data-lang=\"es\">\n<p dir=\"ltr\" lang=\"es\"><a href=\"https:\/\/twitter.com\/mcampi25?ref_src=twsrc%5Etfw\">@mcampi25<\/a> herma. Les contaste como la pisaste ahi a los 85 ahi en esa canchita &#x1f644;&#x1f1e6;&#x1f1f9;&#x1f451;<\/p>\n<p>\u2014 Leandro Fernandez (@leafernandez11) <a href=\"https:\/\/twitter.com\/leafernandez11\/status\/1073291871152148481?ref_src=twsrc%5Etfw\">13 de diciembre de 2018<\/a><\/p><\/blockquote>\n<p><script async src=\"https:\/\/platform.twitter.com\/widgets.js\" charset=\"utf-8\"><\/script><\/p>\n<p>La gran jugada colectiva y la pisadita de Campa\u00f1a aquel 13 de diciembre de 2017:<\/p>\n<blockquote class=\"twitter-tweet\" data-lang=\"es\">\n<p dir=\"ltr\" lang=\"es\">&#x1f3df;&#xfe0f; Maracan\u00e1<br \/>\n&#x23f1;&#xfe0f; 63&#8242; &#8211; Final &#8211; Vuelta<br \/>\n&#x26bd;&#xfe0f; 1-1<\/p>\n<p>16 pases. Una gambeta inolvidable de <a href=\"https:\/\/twitter.com\/mcampi25?ref_src=twsrc%5Etfw\">@mcampi25<\/a>. As\u00ed dio la vuelta el equipo de <a href=\"https:\/\/twitter.com\/arielholan_DT?ref_src=twsrc%5Etfw\">@arielholan_DT<\/a>. <a href=\"https:\/\/twitter.com\/hashtag\/UnD%C3%ADaComoHoy?src=hash&amp;ref_src=twsrc%5Etfw\">#UnD\u00edaComoHoy<\/a><a href=\"https:\/\/twitter.com\/hashtag\/El%C3%9AnicoRey?src=hash&amp;ref_src=twsrc%5Etfw\">#El\u00danicoRey<\/a> <a href=\"https:\/\/twitter.com\/hashtag\/TodoRojo?src=hash&amp;ref_src=twsrc%5Etfw\">#TodoRojo<\/a> &#x1f534; <a href=\"https:\/\/t.co\/KMmpPaoCpg\">pic.twitter.com\/KMmpPaoCpg<\/a><\/p>\n<p>\u2014 C. A. Independiente (@Independiente) <a href=\"https:\/\/twitter.com\/Independiente\/status\/1073242269145329665?ref_src=twsrc%5Etfw\">13 de diciembre de 2018<\/a><\/p><\/blockquote>\n<p><script async src=\"https:\/\/platform.twitter.com\/widgets.js\" charset=\"utf-8\"><\/script><\/p>\n","protected":false},"excerpt":{"rendered":"<p>Mart\u00edn Campa\u00f1a visit\u00f3 el Maracan\u00e1 en el primer aniversario de la consagraci\u00f3n de Independiente en la Copa Sudamericana. Leandro Fern\u00e1ndez le record\u00f3 una jugada muy particular. Un a\u00f1o despu\u00e9s del partido que le dio al Rojo su copa n\u00famero 17, el uruguayo aprovech\u00f3 sus vacaciones en R\u00edo de Janeiro para revivir aquella noche de gloria. [&hellip;]<\/p>\n","protected":false},"author":8,"featured_media":81071,"comment_status":"open","ping_status":"closed","sticky":false,"template":"","format":"standard","meta":{"_links_to":"","_links_to_target":""},"categories":[3247,3363],"tags":[3347,2921,4089,3126],"_links":{"self":[{"href":"https:\/\/www.locoxelrojo.com\/independiente\/wp-json\/wp\/v2\/posts\/81070"}],"collection":[{"href":"https:\/\/www.locoxelrojo.com\/independiente\/wp-json\/wp\/v2\/posts"}],"about":[{"href":"https:\/\/www.locoxelrojo.com\/independiente\/wp-json\/wp\/v2\/types\/post"}],"author":[{"embeddable":true,"href":"https:\/\/www.locoxelrojo.com\/independiente\/wp-json\/wp\/v2\/users\/8"}],"replies":[{"embeddable":true,"href":"https:\/\/www.locoxelrojo.com\/independiente\/wp-json\/wp\/v2\/comments?post=81070"}],"version-history":[{"count":0,"href":"https:\/\/www.locoxelrojo.com\/independiente\/wp-json\/wp\/v2\/posts\/81070\/revisions"}],"wp:featuredmedia":[{"embeddable":true,"href":"https:\/\/www.locoxelrojo.com\/independiente\/wp-json\/wp\/v2\/media\/81071"}],"wp:attachment":[{"href":"https:\/\/www.locoxelrojo.com\/independiente\/wp-json\/wp\/v2\/media?parent=81070"}],"wp:term":[{"taxonomy":"category","embeddable":true,"href":"https:\/\/www.locoxelrojo.com\/independiente\/wp-json\/wp\/v2\/categories?post=81070"},{"taxonomy":"post_tag","embeddable":true,"href":"https:\/\/www.locoxelrojo.com\/independiente\/wp-json\/wp\/v2\/tags?post=81070"}],"curies":[{"name":"wp","href":"https:\/\/api.w.org\/{rel}","templated":true}]}}