{"id":81080,"date":"2018-12-14T12:39:45","date_gmt":"2018-12-14T15:39:45","guid":{"rendered":"http:\/\/www.locoxelrojo.com\/independiente\/?p=81080"},"modified":"2018-12-15T08:35:36","modified_gmt":"2018-12-15T11:35:36","slug":"beron-sigue-solo-como-coordinador-de-inferiores","status":"publish","type":"post","link":"https:\/\/www.locoxelrojo.com\/independiente\/2018\/12\/14\/beron-sigue-solo-como-coordinador-de-inferiores\/","title":{"rendered":"Sigue solo como Coordinador de Inferiores"},"content":{"rendered":"<p><strong>Pablo Moyano dio precisiones sobre el futuro de Fernando Ber\u00f3n en Independiente y su rol a desempe\u00f1ar en el 2019.<\/strong><\/p>\n<p>D\u00edas atr\u00e1s, <a href=\"https:\/\/www.locoxelrojo.com\/independiente\/2018\/11\/28\/sigue-fernando-beron-2\/\">despu\u00e9s de su confirmaci\u00f3n en el cargo<\/a>, comenz\u00f3 a circular el rumor de que Fernando Ber\u00f3n, seguir\u00eda en el club pero no mantendr\u00eda sus dos cargos actuales (entrenador de la Reserva y coordinador de las Inferiores). Despu\u00e9s de varios idas y vueltas, el vicepresidente primero del club dio detalles sobre esto en di\u00e1logo con De la Cuna al Infierno: <strong>\u201cSeguir\u00e1 como Coordinador de las Inferiores y Ariel Holan determinar\u00e1 el t\u00e9cnico de la Reserva\u201d<\/strong>.<\/p>\n<p>El cargo de la Reserva queda libre y <strong>uno de los apuntados es Leandro Stillitano<\/strong>, ayudante de Holan, pero la decisi\u00f3n final pasar\u00e1 por el DT.<\/p>\n","protected":false},"excerpt":{"rendered":"<p>Pablo Moyano dio precisiones sobre el futuro de Fernando Ber\u00f3n en Independiente y su rol a desempe\u00f1ar en el 2019. D\u00edas atr\u00e1s, despu\u00e9s de su confirmaci\u00f3n en el cargo, comenz\u00f3 a circular el rumor de que Fernando Ber\u00f3n, seguir\u00eda en el club pero no mantendr\u00eda sus dos cargos actuales (entrenador de la Reserva y coordinador [&hellip;]<\/p>\n","protected":false},"author":25,"featured_media":77951,"comment_status":"open","ping_status":"closed","sticky":false,"template":"","format":"standard","meta":{"_links_to":"","_links_to_target":""},"categories":[3280,3247],"tags":[2862,4092,439],"_links":{"self":[{"href":"https:\/\/www.locoxelrojo.com\/independiente\/wp-json\/wp\/v2\/posts\/81080"}],"collection":[{"href":"https:\/\/www.locoxelrojo.com\/independiente\/wp-json\/wp\/v2\/posts"}],"about":[{"href":"https:\/\/www.locoxelrojo.com\/independiente\/wp-json\/wp\/v2\/types\/post"}],"author":[{"embeddable":true,"href":"https:\/\/www.locoxelrojo.com\/independiente\/wp-json\/wp\/v2\/users\/25"}],"replies":[{"embeddable":true,"href":"https:\/\/www.locoxelrojo.com\/independiente\/wp-json\/wp\/v2\/comments?post=81080"}],"version-history":[{"count":0,"href":"https:\/\/www.locoxelrojo.com\/independiente\/wp-json\/wp\/v2\/posts\/81080\/revisions"}],"wp:featuredmedia":[{"embeddable":true,"href":"https:\/\/www.locoxelrojo.com\/independiente\/wp-json\/wp\/v2\/media\/77951"}],"wp:attachment":[{"href":"https:\/\/www.locoxelrojo.com\/independiente\/wp-json\/wp\/v2\/media?parent=81080"}],"wp:term":[{"taxonomy":"category","embeddable":true,"href":"https:\/\/www.locoxelrojo.com\/independiente\/wp-json\/wp\/v2\/categories?post=81080"},{"taxonomy":"post_tag","embeddable":true,"href":"https:\/\/www.locoxelrojo.com\/independiente\/wp-json\/wp\/v2\/tags?post=81080"}],"curies":[{"name":"wp","href":"https:\/\/api.w.org\/{rel}","templated":true}]}}