{"id":81094,"date":"2018-12-17T20:15:25","date_gmt":"2018-12-17T23:15:25","guid":{"rendered":"http:\/\/www.locoxelrojo.com\/independiente\/?p=81094"},"modified":"2018-12-18T10:42:30","modified_gmt":"2018-12-18T13:42:30","slug":"rojos-por-el-mundo-primer-titulo-de-cristian-diaz-como-entrenador","status":"publish","type":"post","link":"https:\/\/www.locoxelrojo.com\/independiente\/2018\/12\/17\/rojos-por-el-mundo-primer-titulo-de-cristian-diaz-como-entrenador\/","title":{"rendered":"Rojos por el Mundo: primer t\u00edtulo de Cristian D\u00edaz como DT"},"content":{"rendered":"<p style=\"font-weight: 400;\"><strong>Cristian D\u00edaz, ex jugador y entrenador de Independiente, se coron\u00f3 campe\u00f3n de la liga de El Salvador el pasado domingo con el Santa Tecla.<\/strong><\/p>\n<p style=\"font-weight: 400;\"><strong>D\u00edaz fue futbolista de Independiente entre los a\u00f1os 1995 y 2000<\/strong>. A\u00f1os despu\u00e9s tom\u00f3 el banco Rojo, m\u00e1s precisamente en el 2012, dirigiendo 15 partidos. <strong>Por una seguidilla irregular, tuvo que dejar el cargo como entrenador<\/strong>.<\/p>\n<p style=\"font-weight: 400;\">Sigui\u00f3 su carrera en distintos clubes de pa\u00edses lim\u00edtrofes y otros de la primera de Argentina y\u00a0<strong>a principios del 2018 desembarc\u00f3 en la liga de El Salvador para dirigir al Santa Tecla<\/strong>. Tras un peleado torneo, al vencer como local 2-1 a Alianza, <strong>se consagr\u00f3 campe\u00f3n del Apertura 2018.<\/strong><\/p>\n<p style=\"font-weight: 400;\">\u00c9ste fue el primer t\u00edtulo como entrenador del ex Independiente. Tras el pitazo final que le dio el t\u00edtulo, el DT se emocion\u00f3 y expres\u00f3:\u00a0<strong>\u201cLa solidaridad ha sido la clave de este grupo, lo ganamos como lo trabajamos. La hab\u00eda pasado mal, porque a veces el f\u00fatbol le da la espalda a uno, pero estos pibes abrieron las puertas de ac\u00e1 y me hicieron sentir en casa. So\u00f1amos esto y ahora parece que es mentira\u201d<\/strong>.<\/p>\n<p><a href=\"https:\/\/www.locoxelrojo.com\/independiente\/2018\/12\/17\/rojos-por-el-mundo-primer-titulo-de-cristian-diaz-como-dt\/cristian-diaz-campeon-santa-tecla\/\" rel=\"attachment wp-att-81096\"><img loading=\"lazy\" class=\"alignnone size-large wp-image-81096\" src=\"https:\/\/www.locoxelrojo.com\/independiente\/wp-content\/uploads\/2018\/12\/Cristian-Diaz-campeon-Santa-Tecla-1012x1024.jpg\" alt=\"\" width=\"696\" height=\"704\" srcset=\"https:\/\/locoxelrojo.com\/independiente\/wp-content\/uploads\/2018\/12\/Cristian-Diaz-campeon-Santa-Tecla-1012x1024.jpg 1012w, https:\/\/locoxelrojo.com\/independiente\/wp-content\/uploads\/2018\/12\/Cristian-Diaz-campeon-Santa-Tecla-297x300.jpg 297w, https:\/\/locoxelrojo.com\/independiente\/wp-content\/uploads\/2018\/12\/Cristian-Diaz-campeon-Santa-Tecla-768x777.jpg 768w, https:\/\/locoxelrojo.com\/independiente\/wp-content\/uploads\/2018\/12\/Cristian-Diaz-campeon-Santa-Tecla-696x704.jpg 696w, https:\/\/locoxelrojo.com\/independiente\/wp-content\/uploads\/2018\/12\/Cristian-Diaz-campeon-Santa-Tecla-1068x1081.jpg 1068w, https:\/\/locoxelrojo.com\/independiente\/wp-content\/uploads\/2018\/12\/Cristian-Diaz-campeon-Santa-Tecla-415x420.jpg 415w, https:\/\/locoxelrojo.com\/independiente\/wp-content\/uploads\/2018\/12\/Cristian-Diaz-campeon-Santa-Tecla-128x128.jpg 128w, https:\/\/locoxelrojo.com\/independiente\/wp-content\/uploads\/2018\/12\/Cristian-Diaz-campeon-Santa-Tecla-32x32.jpg 32w, https:\/\/locoxelrojo.com\/independiente\/wp-content\/uploads\/2018\/12\/Cristian-Diaz-campeon-Santa-Tecla.jpg 1186w\" sizes=\"(max-width: 696px) 100vw, 696px\" \/><\/a><\/p>\n","protected":false},"excerpt":{"rendered":"<p>Cristian D\u00edaz, ex jugador y entrenador de Independiente, se coron\u00f3 campe\u00f3n de la liga de El Salvador el pasado domingo con el Santa Tecla. D\u00edaz fue futbolista de Independiente entre los a\u00f1os 1995 y 2000. A\u00f1os despu\u00e9s tom\u00f3 el banco Rojo, m\u00e1s precisamente en el 2012, dirigiendo 15 partidos. Por una seguidilla irregular, tuvo que [&hellip;]<\/p>\n","protected":false},"author":25,"featured_media":81095,"comment_status":"open","ping_status":"closed","sticky":false,"template":"","format":"standard","meta":{"_links_to":"","_links_to_target":""},"categories":[2043,3247],"tags":[188,4094,3277,4095],"_links":{"self":[{"href":"https:\/\/www.locoxelrojo.com\/independiente\/wp-json\/wp\/v2\/posts\/81094"}],"collection":[{"href":"https:\/\/www.locoxelrojo.com\/independiente\/wp-json\/wp\/v2\/posts"}],"about":[{"href":"https:\/\/www.locoxelrojo.com\/independiente\/wp-json\/wp\/v2\/types\/post"}],"author":[{"embeddable":true,"href":"https:\/\/www.locoxelrojo.com\/independiente\/wp-json\/wp\/v2\/users\/25"}],"replies":[{"embeddable":true,"href":"https:\/\/www.locoxelrojo.com\/independiente\/wp-json\/wp\/v2\/comments?post=81094"}],"version-history":[{"count":0,"href":"https:\/\/www.locoxelrojo.com\/independiente\/wp-json\/wp\/v2\/posts\/81094\/revisions"}],"wp:featuredmedia":[{"embeddable":true,"href":"https:\/\/www.locoxelrojo.com\/independiente\/wp-json\/wp\/v2\/media\/81095"}],"wp:attachment":[{"href":"https:\/\/www.locoxelrojo.com\/independiente\/wp-json\/wp\/v2\/media?parent=81094"}],"wp:term":[{"taxonomy":"category","embeddable":true,"href":"https:\/\/www.locoxelrojo.com\/independiente\/wp-json\/wp\/v2\/categories?post=81094"},{"taxonomy":"post_tag","embeddable":true,"href":"https:\/\/www.locoxelrojo.com\/independiente\/wp-json\/wp\/v2\/tags?post=81094"}],"curies":[{"name":"wp","href":"https:\/\/api.w.org\/{rel}","templated":true}]}}