{"id":8121,"date":"2011-05-24T17:36:15","date_gmt":"2011-05-24T20:36:15","guid":{"rendered":"http:\/\/www.locoxelrojo.com.ar\/independiente\/?p=8121"},"modified":"2011-05-24T17:36:15","modified_gmt":"2011-05-24T20:36:15","slug":"cambios-obligados","status":"publish","type":"post","link":"https:\/\/www.locoxelrojo.com\/independiente\/2011\/05\/24\/cambios-obligados\/","title":{"rendered":"Cambios obligados"},"content":{"rendered":"<p><a href=\"http:\/\/www.locoxelrojo.com.ar\/independiente\/wp-content\/uploads\/2011\/05\/antoniomohamedcai.jpg\"><img loading=\"lazy\" class=\"alignnone size-full wp-image-8122\" title=\"antoniomohamedcai\" src=\"http:\/\/www.locoxelrojo.com.ar\/independiente\/wp-content\/uploads\/2011\/05\/antoniomohamedcai.jpg\" alt=\"\" width=\"590\" height=\"315\" srcset=\"https:\/\/locoxelrojo.com\/independiente\/wp-content\/uploads\/2011\/05\/antoniomohamedcai.jpg 590w, https:\/\/locoxelrojo.com\/independiente\/wp-content\/uploads\/2011\/05\/antoniomohamedcai-300x160.jpg 300w\" sizes=\"(max-width: 590px) 100vw, 590px\" \/><\/a><\/p>\n<p>Malas noticias para Mohamed en el entrenamiento de hoy martes. De los cuatro jugadores que quedaron lesionados luego del choque frente a Col\u00f3n de Santa Fe, el t\u00e9cnico no podr\u00e1 contar con Eduardo Tuzzio quien ya fue descartado para jugar frente a Estudiantes. Los estudios arrojaron que el defensor presenta una distenci\u00f3n en el isquiotibial izquierdo y tendr\u00e1 para dos o tres semanas de recuperaci\u00f3n.<\/p>\n<p>Otro que est\u00e1 practicamente afuera del partido del domingo es Patricio Rodr\u00edguez. El Pato durante gran parte del partido sintio dolores en su rodilla derecha y los estudios mostraron un leve esguince. Arriesgarlo ser\u00eda correr el riesgo de que la lesi\u00f3n sea m\u00e1s grave, por lo que el Turco tampoco lo pondr\u00eda entre los titulares.<\/p>\n<p>Diferente es el caso de Matheu, quien est\u00e1 en duda. El Capit\u00e1n arrastra un traumatismo en la rodilla derecha, van a probarlo en la semana y si todo anda bien ser\u00e1 de la partida.<\/p>\n<p>El que no tendr\u00eda problemas para jugar es Juli\u00e1n Vel\u00e1zquez. El central que fue descartado por Batista para jugar el mi\u00e9rcoles frente a Paraguay con la Selecci\u00f3n Mayor, presenta un fuerte traumatismo en el pie derecho. Los estudios descartaron una lesi\u00f3n \u00f3sea, por lo tanto ser\u00e1 uno de los que forme parte de la defensa.<\/p>\n<p>Con estas bajar, Mohamed dispuso trabajos f\u00edsicos y f\u00fatbol reducido en el predio de Villa Dom\u00ednico. Adri\u00e1n Gabbarini estuvo ausente ya que se encuentra bajo las \u00f3rdenes de Batista en la Selecci\u00f3n Argentina. Lucas Villafa\u00f1ez y Lucas Kruspzky tampoco participaron de la pr\u00e1ctica por su convocatoria a la Selecci\u00f3n Sub 20.<\/p>\n<p>Ma\u00f1ana mi\u00e9rcoles, a pesar del d\u00eda feriado, el Rojo no tendr\u00e1 descanso y trabajar\u00e1 desde las 10 de la ma\u00f1ana nuevamente en Dom\u00ednico, a puertas abiertas para la prensa, pensando ya en los nombres que pondr\u00e1 en cancha Mohamed el domingo frente a Estudiantes en la cancha de Quilmes.<\/p>\n","protected":false},"excerpt":{"rendered":"<p>Malas noticias para Mohamed en el entrenamiento de hoy martes. De los cuatro jugadores que quedaron lesionados luego del choque frente a Col\u00f3n de Santa Fe, el t\u00e9cnico no podr\u00e1 contar con Eduardo Tuzzio quien ya fue descartado para jugar frente a Estudiantes. Los estudios arrojaron que el defensor presenta una distenci\u00f3n en el isquiotibial [&hellip;]<\/p>\n","protected":false},"author":1,"featured_media":0,"comment_status":"open","ping_status":"open","sticky":false,"template":"","format":"standard","meta":{"_links_to":"","_links_to_target":""},"categories":[3,1],"tags":[115,27,153,135,32,41],"_links":{"self":[{"href":"https:\/\/www.locoxelrojo.com\/independiente\/wp-json\/wp\/v2\/posts\/8121"}],"collection":[{"href":"https:\/\/www.locoxelrojo.com\/independiente\/wp-json\/wp\/v2\/posts"}],"about":[{"href":"https:\/\/www.locoxelrojo.com\/independiente\/wp-json\/wp\/v2\/types\/post"}],"author":[{"embeddable":true,"href":"https:\/\/www.locoxelrojo.com\/independiente\/wp-json\/wp\/v2\/users\/1"}],"replies":[{"embeddable":true,"href":"https:\/\/www.locoxelrojo.com\/independiente\/wp-json\/wp\/v2\/comments?post=8121"}],"version-history":[{"count":0,"href":"https:\/\/www.locoxelrojo.com\/independiente\/wp-json\/wp\/v2\/posts\/8121\/revisions"}],"wp:attachment":[{"href":"https:\/\/www.locoxelrojo.com\/independiente\/wp-json\/wp\/v2\/media?parent=8121"}],"wp:term":[{"taxonomy":"category","embeddable":true,"href":"https:\/\/www.locoxelrojo.com\/independiente\/wp-json\/wp\/v2\/categories?post=8121"},{"taxonomy":"post_tag","embeddable":true,"href":"https:\/\/www.locoxelrojo.com\/independiente\/wp-json\/wp\/v2\/tags?post=8121"}],"curies":[{"name":"wp","href":"https:\/\/api.w.org\/{rel}","templated":true}]}}