{"id":8123,"date":"2011-05-24T17:03:45","date_gmt":"2011-05-24T20:03:45","guid":{"rendered":"http:\/\/www.locoxelrojo.com.ar\/independiente\/?p=8123"},"modified":"2011-05-24T17:03:45","modified_gmt":"2011-05-24T20:03:45","slug":"parra-estamos-esperando-que-se-cumpla-la-promesa","status":"publish","type":"post","link":"https:\/\/www.locoxelrojo.com\/independiente\/2011\/05\/24\/parra-estamos-esperando-que-se-cumpla-la-promesa\/","title":{"rendered":"Parra: &#8220;Estamos esperando que se cumpla la promesa&#8221;"},"content":{"rendered":"<p><a href=\"http:\/\/www.locoxelrojo.com.ar\/independiente\/wp-content\/uploads\/2011\/05\/facundo_parra2.jpg\"><img loading=\"lazy\" class=\"alignnone size-full wp-image-8125\" title=\"facundo_parra\" src=\"http:\/\/www.locoxelrojo.com.ar\/independiente\/wp-content\/uploads\/2011\/05\/facundo_parra2.jpg\" alt=\"\" width=\"590\" height=\"315\" srcset=\"https:\/\/locoxelrojo.com\/independiente\/wp-content\/uploads\/2011\/05\/facundo_parra2.jpg 590w, https:\/\/locoxelrojo.com\/independiente\/wp-content\/uploads\/2011\/05\/facundo_parra2-300x160.jpg 300w\" sizes=\"(max-width: 590px) 100vw, 590px\" \/><\/a><\/p>\n<p><strong>Facundo Parra<\/strong> dialog\u00f3 en la noche de ayer con <strong>Mas Rojo Radio (Lunes de 22 a 24 por Radio Libre AM 890)<\/strong> y advirti\u00f3 que a\u00fan hay una negociaci\u00f3n pendiente con los dirigentes luego de la actitud del \u00faltimo viernes. Adem\u00e1s, dijo que a\u00fan no se charl\u00f3 su continuidad.<\/p>\n<p><strong>&#8220;Hay una discordancia entre nosotros y la dirigencia por un atraso en los pagos porque uno quiere estar al d\u00eda pero vamos tratar de que se solucione lo antes posible&#8221;, <\/strong>comenz\u00f3 diciendo el delantero. Luego agreg\u00f3: <strong>&#8220;h<\/strong><strong>ubo una charla donde hubo una promesa que estamos esperando que se cumpla, por eso se lleg\u00f3 a un acuerdo.De nuestra parte hay la mejor predisposici\u00f3n, esperemos que de la otra parte tambi\u00e9n<\/strong>&#8220;.<\/p>\n<p>Igualmente, aclar\u00f3 que en ning\u00fan momento pensaron en ir a Futbolistas Argentinos Agremiados. <strong>S<\/strong><strong>olo entablamos un di\u00e1logo con los dirigentes para solucionar la situaci\u00f3n, en ning\u00fan momento llegamos a esa instancia&#8221;, <\/strong>jur\u00f3 alundiendo que la idea es &#8220;<strong>ir de la mano con los dirigentes para que todo salga bien.<\/strong>&#8221;<\/p>\n<p>Cuando lo consultaron sobre el momento en el que se hizo el reclamo, Parra dijo que <strong>&#8220;l<\/strong><strong>a presi\u00f3n la ten\u00edamos igual, iba a ser un poco m\u00e1s de presi\u00f3n de la que ya ten\u00edamos, pero est\u00e1bamos exigiendo algo que es normal.<\/strong>&#8221; Por \u00faltimo se refiri\u00f3 a su continuidad. &#8220;<strong>No he hablado con los dirigentes, no s\u00e9 que es lo que dijo Mattera, pero yo quiero que se solucione para quedarme&#8221;, <\/strong>concluy\u00f3.<\/p>\n","protected":false},"excerpt":{"rendered":"<p>Facundo Parra dialog\u00f3 en la noche de ayer con Mas Rojo Radio (Lunes de 22 a 24 por Radio Libre AM 890) y advirti\u00f3 que a\u00fan hay una negociaci\u00f3n pendiente con los dirigentes luego de la actitud del \u00faltimo viernes. Adem\u00e1s, dijo que a\u00fan no se charl\u00f3 su continuidad. &#8220;Hay una discordancia entre nosotros y [&hellip;]<\/p>\n","protected":false},"author":1,"featured_media":0,"comment_status":"open","ping_status":"open","sticky":false,"template":"","format":"standard","meta":{"_links_to":"","_links_to_target":""},"categories":[3,1],"tags":[153,36],"_links":{"self":[{"href":"https:\/\/www.locoxelrojo.com\/independiente\/wp-json\/wp\/v2\/posts\/8123"}],"collection":[{"href":"https:\/\/www.locoxelrojo.com\/independiente\/wp-json\/wp\/v2\/posts"}],"about":[{"href":"https:\/\/www.locoxelrojo.com\/independiente\/wp-json\/wp\/v2\/types\/post"}],"author":[{"embeddable":true,"href":"https:\/\/www.locoxelrojo.com\/independiente\/wp-json\/wp\/v2\/users\/1"}],"replies":[{"embeddable":true,"href":"https:\/\/www.locoxelrojo.com\/independiente\/wp-json\/wp\/v2\/comments?post=8123"}],"version-history":[{"count":0,"href":"https:\/\/www.locoxelrojo.com\/independiente\/wp-json\/wp\/v2\/posts\/8123\/revisions"}],"wp:attachment":[{"href":"https:\/\/www.locoxelrojo.com\/independiente\/wp-json\/wp\/v2\/media?parent=8123"}],"wp:term":[{"taxonomy":"category","embeddable":true,"href":"https:\/\/www.locoxelrojo.com\/independiente\/wp-json\/wp\/v2\/categories?post=8123"},{"taxonomy":"post_tag","embeddable":true,"href":"https:\/\/www.locoxelrojo.com\/independiente\/wp-json\/wp\/v2\/tags?post=8123"}],"curies":[{"name":"wp","href":"https:\/\/api.w.org\/{rel}","templated":true}]}}