{"id":81234,"date":"2019-01-04T09:30:18","date_gmt":"2019-01-04T12:30:18","guid":{"rendered":"http:\/\/www.locoxelrojo.com\/independiente\/?p=81234"},"modified":"2019-01-04T10:04:00","modified_gmt":"2019-01-04T13:04:00","slug":"rojos-por-el-mundo-barco-desafectado-del-sub-20","status":"publish","type":"post","link":"https:\/\/www.locoxelrojo.com\/independiente\/2019\/01\/04\/rojos-por-el-mundo-barco-desafectado-del-sub-20\/","title":{"rendered":"Rojos por el Mundo: Barco, desafectado del Sub 20"},"content":{"rendered":"<p><strong>Ezequiel Barco fue desafectado de la Selecci\u00f3n Argentina Sub 20, por una lesi\u00f3n en su rodilla derecha.<\/strong><\/p>\n<p>El seleccionado Sub 20 se prepara para enfrentar el Sudamericano en Chile, clasificatorio al mundial de Polonia. <strong>El ex Independiente era una de las figuras para conseguir el t\u00edtulo<\/strong>, pero debido a una lesi\u00f3n, fue desafectado.<\/p>\n<p>Momento duro para el pibe. Despu\u00e9s de un tiempo sin recibir el llamado de la Albiceleste, una nueva puerta se le hab\u00eda abierto con la llegada de Fernando Batista como nuevo entrenador del Sub 20, pero <strong>una\u00a0patolog\u00eda insercional en el tend\u00f3n rotuliano de la rodilla derecha<\/strong>\u00a0dej\u00f3 al campe\u00f3n de la Copa Sudamericana 2017 afuera del torneo.<\/p>\n<blockquote class=\"twitter-tweet\" data-lang=\"es\">\n<p lang=\"es\" dir=\"ltr\"><a href=\"https:\/\/twitter.com\/hashtag\/Sub20?src=hash&amp;ref_src=twsrc%5Etfw\">#Sub20<\/a> El delantero Ezequiel Barco fue desafectado para el Sudamericano por lesi\u00f3n. Su reemplazo ser\u00e1 Gonzalo Maroni. <a href=\"https:\/\/t.co\/ljxvGXCQxf\">pic.twitter.com\/ljxvGXCQxf<\/a><\/p>\n<p>&mdash; Selecci\u00f3n Argentina &#x1f1e6;&#x1f1f7; (@Argentina) <a href=\"https:\/\/twitter.com\/Argentina\/status\/1080598605130579969?ref_src=twsrc%5Etfw\">2 de enero de 2019<\/a><\/p><\/blockquote>\n<p><script async src=\"https:\/\/platform.twitter.com\/widgets.js\" charset=\"utf-8\"><\/script><\/p>\n<p>Para su reemplazo, fue convocado Gonzalo Maroni, jugador de Talleres de C\u00f3rdoba. Por su parte, <strong>Barco aprovech\u00f3 sus vacaciones y su estad\u00eda en Argentina para pasar por Villa Dom\u00ednico<\/strong> y saludar a sus ex compa\u00f1eros.<\/p>\n","protected":false},"excerpt":{"rendered":"<p>Ezequiel Barco fue desafectado de la Selecci\u00f3n Argentina Sub 20, por una lesi\u00f3n en su rodilla derecha. El seleccionado Sub 20 se prepara para enfrentar el Sudamericano en Chile, clasificatorio al mundial de Polonia. El ex Independiente era una de las figuras para conseguir el t\u00edtulo, pero debido a una lesi\u00f3n, fue desafectado. Momento duro [&hellip;]<\/p>\n","protected":false},"author":16,"featured_media":81235,"comment_status":"open","ping_status":"closed","sticky":false,"template":"","format":"standard","meta":{"_links_to":"","_links_to_target":""},"categories":[2043,3247],"tags":[3215,226],"_links":{"self":[{"href":"https:\/\/www.locoxelrojo.com\/independiente\/wp-json\/wp\/v2\/posts\/81234"}],"collection":[{"href":"https:\/\/www.locoxelrojo.com\/independiente\/wp-json\/wp\/v2\/posts"}],"about":[{"href":"https:\/\/www.locoxelrojo.com\/independiente\/wp-json\/wp\/v2\/types\/post"}],"author":[{"embeddable":true,"href":"https:\/\/www.locoxelrojo.com\/independiente\/wp-json\/wp\/v2\/users\/16"}],"replies":[{"embeddable":true,"href":"https:\/\/www.locoxelrojo.com\/independiente\/wp-json\/wp\/v2\/comments?post=81234"}],"version-history":[{"count":0,"href":"https:\/\/www.locoxelrojo.com\/independiente\/wp-json\/wp\/v2\/posts\/81234\/revisions"}],"wp:featuredmedia":[{"embeddable":true,"href":"https:\/\/www.locoxelrojo.com\/independiente\/wp-json\/wp\/v2\/media\/81235"}],"wp:attachment":[{"href":"https:\/\/www.locoxelrojo.com\/independiente\/wp-json\/wp\/v2\/media?parent=81234"}],"wp:term":[{"taxonomy":"category","embeddable":true,"href":"https:\/\/www.locoxelrojo.com\/independiente\/wp-json\/wp\/v2\/categories?post=81234"},{"taxonomy":"post_tag","embeddable":true,"href":"https:\/\/www.locoxelrojo.com\/independiente\/wp-json\/wp\/v2\/tags?post=81234"}],"curies":[{"name":"wp","href":"https:\/\/api.w.org\/{rel}","templated":true}]}}