{"id":8138,"date":"2011-05-24T23:53:17","date_gmt":"2011-05-25T02:53:17","guid":{"rendered":"http:\/\/www.locoxelrojo.com.ar\/independiente\/?p=8138"},"modified":"2015-09-10T21:54:02","modified_gmt":"2015-09-11T00:54:02","slug":"velez-tenemos-una-buena-base-para-lo-que-viene","status":"publish","type":"post","link":"https:\/\/www.locoxelrojo.com\/independiente\/2011\/05\/24\/velez-tenemos-una-buena-base-para-lo-que-viene\/","title":{"rendered":"V\u00e9lez: &#8220;Tenemos una buena base para lo que viene&#8221;"},"content":{"rendered":"<p><a href=\"http:\/\/www.locoxelrojo.com.ar\/independiente\/wp-content\/uploads\/2011\/05\/ivan_velez.jpg\"><img loading=\"lazy\" class=\"alignnone size-full wp-image-8139\" title=\"ivan_velez\" src=\"http:\/\/www.locoxelrojo.com.ar\/independiente\/wp-content\/uploads\/2011\/05\/ivan_velez.jpg\" alt=\"\" width=\"590\" height=\"315\" srcset=\"https:\/\/locoxelrojo.com\/independiente\/wp-content\/uploads\/2011\/05\/ivan_velez.jpg 590w, https:\/\/locoxelrojo.com\/independiente\/wp-content\/uploads\/2011\/05\/ivan_velez-300x160.jpg 300w\" sizes=\"(max-width: 590px) 100vw, 590px\" \/><\/a><\/p>\n<p><strong>Iv\u00e1n V\u00e9lez<\/strong> dialog\u00f3 con <strong>Mundo Rojo -martes de 21:30 a 23 por Radio La Red AM 910- <\/strong>y se refiri\u00f3 al presente de Independiente y a su adaptaci\u00f3n al f\u00fatbol local. <strong>&#8220;Me falta ganar un poco en agresividad para adaptarme al futbol argentino&#8221;<\/strong>, advirti\u00f3.<\/p>\n<p>Luego se refiri\u00f3 al f\u00fatbol colombiano y record\u00f3 que vivi\u00f3 situaciones similares a las que le toca vivir en Independiente en dos equipos colombianos -Am\u00e9rica y Once Caldas-.<strong>&#8220;Llegue a America de Cali peleando el descenso y luego salimos subcampeones y campeones, luego me pas\u00f3 lo mismo en Once Caldas&#8221;<\/strong>, explic\u00f3. Adem\u00e1s, cont\u00f3 que all\u00e1 tambi\u00e9n hab\u00eda problemas econ\u00f3micos.<\/p>\n<p>V\u00e9lez, se lament\u00f3 tambi\u00e9n porque Pe\u00f1arol este en semifinales y cont\u00f3 que es un tema reiterado entre los compa\u00f1eros a la hora de entablar charlas. <strong>&#8220;Me duele ver a Pe\u00f1arol en la semifinal de la Copa Libertadores&#8221;<\/strong>, asegur\u00f3. Igualmente, se tiene fe de cara al futuro.<strong> &#8220;Tenemos una buena base para lo que viene luego de este campeonato&#8221;<\/strong>, entendi\u00f3.<\/p>\n<p>Igualmente, la idea es terminar el Clausura en el peloton de arriba.<strong> &#8220;Podemos terminar el campeonato entre los 4 o 5 primeros equipos con un buen resultado el pr\u00f3ximo domingo<\/strong>&#8220;, enfatiz\u00f3.<\/p>\n<p><strong><em>Escuch\u00e1 el audio:<\/em><\/strong><\/p>\n<p><object width=\"335\" height=\"28\" classid=\"clsid:d27cdb6e-ae6d-11cf-96b8-444553540000\" codebase=\"http:\/\/download.macromedia.com\/pub\/shockwave\/cabs\/flash\/swflash.cab#version=6,0,40,0\"><param name=\"allowFullScreen\" value=\"true\" \/><param name=\"allowscriptaccess\" value=\"always\" \/><param name=\"wmode\" value=\"transparent\" \/><param name=\"src\" value=\"http:\/\/www.divshare.com\/flash\/audio_embed?data=YTo2OntzOjU6ImFwaUlkIjtzOjE6IjQiO3M6NjoiZmlsZUlkIjtzOjg6IjE0OTI2MDM2IjtzOjQ6ImNvZGUiO3M6MTI6IjE0OTI2MDM2LWJjNiI7czo2OiJ1c2VySWQiO3M6NzoiMjIxMTE0MSI7czoxMjoiZXh0ZXJuYWxDYWxsIjtpOjE7czo0OiJ0aW1lIjtpOjEzMDYyOTEwNzA7fQ==&amp;autoplay=default\" \/><param name=\"allowfullscreen\" value=\"true\" \/><embed type=\"application\/x-shockwave-flash\" width=\"335\" height=\"28\" src=\"http:\/\/www.divshare.com\/flash\/audio_embed?data=YTo2OntzOjU6ImFwaUlkIjtzOjE6IjQiO3M6NjoiZmlsZUlkIjtzOjg6IjE0OTI2MDM2IjtzOjQ6ImNvZGUiO3M6MTI6IjE0OTI2MDM2LWJjNiI7czo2OiJ1c2VySWQiO3M6NzoiMjIxMTE0MSI7czoxMjoiZXh0ZXJuYWxDYWxsIjtpOjE7czo0OiJ0aW1lIjtpOjEzMDYyOTEwNzA7fQ==&amp;autoplay=default\" wmode=\"transparent\" allowscriptaccess=\"always\" allowfullscreen=\"true\"><\/embed><\/object><\/p>\n","protected":false},"excerpt":{"rendered":"<p>Iv\u00e1n V\u00e9lez dialog\u00f3 con Mundo Rojo -martes de 21:30 a 23 por Radio La Red AM 910- y se refiri\u00f3 al presente de Independiente y a su adaptaci\u00f3n al f\u00fatbol local. &#8220;Me falta ganar un poco en agresividad para adaptarme al futbol argentino&#8221;, advirti\u00f3. Luego se refiri\u00f3 al f\u00fatbol colombiano y record\u00f3 que vivi\u00f3 situaciones [&hellip;]<\/p>\n","protected":false},"author":1,"featured_media":0,"comment_status":"open","ping_status":"open","sticky":false,"template":"","format":"standard","meta":{"_links_to":"","_links_to_target":""},"categories":[3,1],"tags":[153,412,604,426],"_links":{"self":[{"href":"https:\/\/www.locoxelrojo.com\/independiente\/wp-json\/wp\/v2\/posts\/8138"}],"collection":[{"href":"https:\/\/www.locoxelrojo.com\/independiente\/wp-json\/wp\/v2\/posts"}],"about":[{"href":"https:\/\/www.locoxelrojo.com\/independiente\/wp-json\/wp\/v2\/types\/post"}],"author":[{"embeddable":true,"href":"https:\/\/www.locoxelrojo.com\/independiente\/wp-json\/wp\/v2\/users\/1"}],"replies":[{"embeddable":true,"href":"https:\/\/www.locoxelrojo.com\/independiente\/wp-json\/wp\/v2\/comments?post=8138"}],"version-history":[{"count":0,"href":"https:\/\/www.locoxelrojo.com\/independiente\/wp-json\/wp\/v2\/posts\/8138\/revisions"}],"wp:attachment":[{"href":"https:\/\/www.locoxelrojo.com\/independiente\/wp-json\/wp\/v2\/media?parent=8138"}],"wp:term":[{"taxonomy":"category","embeddable":true,"href":"https:\/\/www.locoxelrojo.com\/independiente\/wp-json\/wp\/v2\/categories?post=8138"},{"taxonomy":"post_tag","embeddable":true,"href":"https:\/\/www.locoxelrojo.com\/independiente\/wp-json\/wp\/v2\/tags?post=8138"}],"curies":[{"name":"wp","href":"https:\/\/api.w.org\/{rel}","templated":true}]}}