{"id":81550,"date":"2019-01-31T23:44:39","date_gmt":"2019-02-01T02:44:39","guid":{"rendered":"http:\/\/www.locoxelrojo.com\/independiente\/?p=81550"},"modified":"2019-02-01T03:12:25","modified_gmt":"2019-02-01T06:12:25","slug":"oferta-rechazada-y-bronca-de-zampedri","status":"publish","type":"post","link":"https:\/\/www.locoxelrojo.com\/independiente\/2019\/01\/31\/oferta-rechazada-y-bronca-de-zampedri\/","title":{"rendered":"Oferta rechazada y bronca de Zampedri"},"content":{"rendered":"<p><strong>Rosario Central decidi\u00f3 rechazar la \u00faltima oferta de Independiente por Fernando Zampedri y el delantero public\u00f3 un fuerte descargo en redes sociales.<\/strong><\/p>\n<p>Parec\u00eda estar <a href=\"https:\/\/www.locoxelrojo.com\/independiente\/2019\/01\/30\/el-9-llega-sobre-la-hora\/\">todo encaminado para que el Toro se sume al Rojo<\/a>. La oferta era bien vista en el Canalla y el jugador aceptaba resignar una deuda que ten\u00edan con \u00e9l. De hecho, se hab\u00eda retirado del predio rosarino sin entrenar, dando por hecho su pase. Sin embargo, <strong>a \u00faltimo momento, los dirigentes dieron marcha atr\u00e1s y decidieron no venderlo<\/strong>.<\/p>\n<p>Ricardo Carloni, vicepresidente de Rosario Central, coment\u00f3 los motivos de esta sorpresiva determinaci\u00f3n: <strong>&#8220;Se decidi\u00f3 por unanimidad rechazar la propuesta. Habl\u00e9 con el vicepresidente de Independiente inform\u00e1ndole la decisi\u00f3n y agradecimos la propuesta, que realmente era interesante. No nos daban los tiempos para buscar el reemplazante que nosotros pretend\u00edamos y le damos valor, esencialmente, a lo deportivo&#8221;<\/strong>.<\/p>\n<p>Despu\u00e9s de conocerse esta resoluci\u00f3n, el propio <strong>Zampedri<\/strong> public\u00f3 un contundente comunicado en redes sociales. Explic\u00f3 que ve\u00eda con buenos ojos la chance de jugar en el Rey de Copas, y al mismo tiempo, dispar\u00f3 contra la dirigencia de la Academia rosarina por no haberle permitido hacer una importante diferencia econ\u00f3mica. <strong>&#8220;Muchas veces se cuestiona la actitud de los jugadores que les meten presi\u00f3n a los clubes. Yo no lo hice, y quiz\u00e1 por eso perd\u00ed la posibilidad de asegurar el futuro de mi familia&#8221;<\/strong>, solt\u00f3.<\/p>\n<p><a href=\"https:\/\/www.locoxelrojo.com\/independiente\/2019\/01\/31\/oferta-rechazada-y-contundente-descargo-de-zampedri\/comunicado-zampedri-1\/\" rel=\"attachment wp-att-81551\"><img loading=\"lazy\" class=\"alignnone size-large wp-image-81551\" src=\"https:\/\/www.locoxelrojo.com\/independiente\/wp-content\/uploads\/2019\/02\/Comunicado-Zampedri-1-728x1024.jpg\" alt=\"\" width=\"696\" height=\"979\" srcset=\"https:\/\/locoxelrojo.com\/independiente\/wp-content\/uploads\/2019\/02\/Comunicado-Zampedri-1-728x1024.jpg 728w, https:\/\/locoxelrojo.com\/independiente\/wp-content\/uploads\/2019\/02\/Comunicado-Zampedri-1-213x300.jpg 213w, https:\/\/locoxelrojo.com\/independiente\/wp-content\/uploads\/2019\/02\/Comunicado-Zampedri-1-696x979.jpg 696w, https:\/\/locoxelrojo.com\/independiente\/wp-content\/uploads\/2019\/02\/Comunicado-Zampedri-1-299x420.jpg 299w, https:\/\/locoxelrojo.com\/independiente\/wp-content\/uploads\/2019\/02\/Comunicado-Zampedri-1-91x128.jpg 91w, https:\/\/locoxelrojo.com\/independiente\/wp-content\/uploads\/2019\/02\/Comunicado-Zampedri-1-23x32.jpg 23w, https:\/\/locoxelrojo.com\/independiente\/wp-content\/uploads\/2019\/02\/Comunicado-Zampedri-1.jpg 750w\" sizes=\"(max-width: 696px) 100vw, 696px\" \/><\/a><a href=\"https:\/\/www.locoxelrojo.com\/independiente\/2019\/01\/31\/oferta-rechazada-y-contundente-descargo-de-zampedri\/comunicado-zampedri-2\/\" rel=\"attachment wp-att-81552\"><img loading=\"lazy\" class=\"alignnone size-full wp-image-81552\" src=\"https:\/\/www.locoxelrojo.com\/independiente\/wp-content\/uploads\/2019\/02\/Comunicado-Zampedri-2.jpg\" alt=\"\" width=\"750\" height=\"840\" srcset=\"https:\/\/locoxelrojo.com\/independiente\/wp-content\/uploads\/2019\/02\/Comunicado-Zampedri-2.jpg 750w, https:\/\/locoxelrojo.com\/independiente\/wp-content\/uploads\/2019\/02\/Comunicado-Zampedri-2-268x300.jpg 268w, https:\/\/locoxelrojo.com\/independiente\/wp-content\/uploads\/2019\/02\/Comunicado-Zampedri-2-696x780.jpg 696w, https:\/\/locoxelrojo.com\/independiente\/wp-content\/uploads\/2019\/02\/Comunicado-Zampedri-2-375x420.jpg 375w, https:\/\/locoxelrojo.com\/independiente\/wp-content\/uploads\/2019\/02\/Comunicado-Zampedri-2-114x128.jpg 114w, https:\/\/locoxelrojo.com\/independiente\/wp-content\/uploads\/2019\/02\/Comunicado-Zampedri-2-29x32.jpg 29w\" sizes=\"(max-width: 750px) 100vw, 750px\" \/><\/a><\/p>\n","protected":false},"excerpt":{"rendered":"<p>Rosario Central decidi\u00f3 rechazar la \u00faltima oferta de Independiente por Fernando Zampedri y el delantero public\u00f3 un fuerte descargo en redes sociales. Parec\u00eda estar todo encaminado para que el Toro se sume al Rojo. La oferta era bien vista en el Canalla y el jugador aceptaba resignar una deuda que ten\u00edan con \u00e9l. De hecho, [&hellip;]<\/p>\n","protected":false},"author":8,"featured_media":81553,"comment_status":"open","ping_status":"closed","sticky":false,"template":"","format":"standard","meta":{"_links_to":"","_links_to_target":""},"categories":[3280,3247],"tags":[4107,507],"_links":{"self":[{"href":"https:\/\/www.locoxelrojo.com\/independiente\/wp-json\/wp\/v2\/posts\/81550"}],"collection":[{"href":"https:\/\/www.locoxelrojo.com\/independiente\/wp-json\/wp\/v2\/posts"}],"about":[{"href":"https:\/\/www.locoxelrojo.com\/independiente\/wp-json\/wp\/v2\/types\/post"}],"author":[{"embeddable":true,"href":"https:\/\/www.locoxelrojo.com\/independiente\/wp-json\/wp\/v2\/users\/8"}],"replies":[{"embeddable":true,"href":"https:\/\/www.locoxelrojo.com\/independiente\/wp-json\/wp\/v2\/comments?post=81550"}],"version-history":[{"count":0,"href":"https:\/\/www.locoxelrojo.com\/independiente\/wp-json\/wp\/v2\/posts\/81550\/revisions"}],"wp:featuredmedia":[{"embeddable":true,"href":"https:\/\/www.locoxelrojo.com\/independiente\/wp-json\/wp\/v2\/media\/81553"}],"wp:attachment":[{"href":"https:\/\/www.locoxelrojo.com\/independiente\/wp-json\/wp\/v2\/media?parent=81550"}],"wp:term":[{"taxonomy":"category","embeddable":true,"href":"https:\/\/www.locoxelrojo.com\/independiente\/wp-json\/wp\/v2\/categories?post=81550"},{"taxonomy":"post_tag","embeddable":true,"href":"https:\/\/www.locoxelrojo.com\/independiente\/wp-json\/wp\/v2\/tags?post=81550"}],"curies":[{"name":"wp","href":"https:\/\/api.w.org\/{rel}","templated":true}]}}