{"id":81559,"date":"2019-02-01T14:50:34","date_gmt":"2019-02-01T17:50:34","guid":{"rendered":"http:\/\/www.locoxelrojo.com\/independiente\/?p=81559"},"modified":"2019-02-02T07:15:02","modified_gmt":"2019-02-02T10:15:02","slug":"afuera-alan-franco-casla","status":"publish","type":"post","link":"https:\/\/www.locoxelrojo.com\/independiente\/2019\/02\/01\/afuera-alan-franco-casla\/","title":{"rendered":"Afuera Franco"},"content":{"rendered":"<p><strong>En la pr\u00e1ctica de este viernes Ariel Holan volvi\u00f3 a parar a Emanuel Br\u00edtez y Guillermo Burdisso como centrales. Alan Franco perdi\u00f3 la titularidad. <\/strong><\/p>\n<p><strong>En el \u00faltimo ensayo previo a jugar con San Lorenzo, el t\u00e9cnico del Rojo en los trabajos t\u00e1cticos y ejercicios de pelota parada utiliz\u00f3 un once inicial similar al que vino usando en la semana.<\/strong> La \u00fanica variante fue la salida de Fernando Gaibor por Pablo P\u00e9rez que se recuper\u00f3 de su molestia en el gemelo.<\/p>\n<p>La sorpresa est\u00e1 en la zaga central, sin Franco, pero con Burdisso acompa\u00f1ando a Br\u00edtez. <strong>Los motivos son que Holan no vio bien a Alan frente a Talleres y, adem\u00e1s, se suman algunos problemas extra futbol\u00edsticos que tienen preocupado al cuerpo t\u00e9cnico.<\/strong> Las otras variantes en relaci\u00f3n a los que jugaron con la T son: Gast\u00f3n Silva por Juan S\u00e1nchez Mi\u00f1o y Francisco Silva por Nicol\u00e1s Domingo.<\/p>\n<p>Por su parte, <a href=\"https:\/\/www.locoxelrojo.com\/independiente\/2019\/02\/01\/concentrados-vs-san-lorenzo-adentro-cecilio\/\">Cecilio Dom\u00ednguez concentrar\u00e1 por primera vez<\/a>, pero tendr\u00e1 un lugar entre los suplentes. De esta manera, los once que saldr\u00e1n este s\u00e1bado al Nuevo Gas\u00f3metro ser\u00edan: <strong>Mart\u00edn Campa\u00f1a; Fabricio Bustos, Br\u00edtez, Burdisso, Silva; Pablo Hern\u00e1ndez, Silva, P\u00e9rez; Mart\u00edn Ben\u00edtez, Silvio Romero y Ezequiel Cerutti.<\/strong><\/p>\n","protected":false},"excerpt":{"rendered":"<p>En la pr\u00e1ctica de este viernes Ariel Holan volvi\u00f3 a parar a Emanuel Br\u00edtez y Guillermo Burdisso como centrales. Alan Franco perdi\u00f3 la titularidad. En el \u00faltimo ensayo previo a jugar con San Lorenzo, el t\u00e9cnico del Rojo en los trabajos t\u00e1cticos y ejercicios de pelota parada utiliz\u00f3 un once inicial similar al que vino [&hellip;]<\/p>\n","protected":false},"author":1,"featured_media":81561,"comment_status":"open","ping_status":"closed","sticky":false,"template":"","format":"standard","meta":{"_links_to":"","_links_to_target":""},"categories":[3247,3],"tags":[3231,2998,4104,153,26],"_links":{"self":[{"href":"https:\/\/www.locoxelrojo.com\/independiente\/wp-json\/wp\/v2\/posts\/81559"}],"collection":[{"href":"https:\/\/www.locoxelrojo.com\/independiente\/wp-json\/wp\/v2\/posts"}],"about":[{"href":"https:\/\/www.locoxelrojo.com\/independiente\/wp-json\/wp\/v2\/types\/post"}],"author":[{"embeddable":true,"href":"https:\/\/www.locoxelrojo.com\/independiente\/wp-json\/wp\/v2\/users\/1"}],"replies":[{"embeddable":true,"href":"https:\/\/www.locoxelrojo.com\/independiente\/wp-json\/wp\/v2\/comments?post=81559"}],"version-history":[{"count":1,"href":"https:\/\/www.locoxelrojo.com\/independiente\/wp-json\/wp\/v2\/posts\/81559\/revisions"}],"predecessor-version":[{"id":81564,"href":"https:\/\/www.locoxelrojo.com\/independiente\/wp-json\/wp\/v2\/posts\/81559\/revisions\/81564"}],"wp:featuredmedia":[{"embeddable":true,"href":"https:\/\/www.locoxelrojo.com\/independiente\/wp-json\/wp\/v2\/media\/81561"}],"wp:attachment":[{"href":"https:\/\/www.locoxelrojo.com\/independiente\/wp-json\/wp\/v2\/media?parent=81559"}],"wp:term":[{"taxonomy":"category","embeddable":true,"href":"https:\/\/www.locoxelrojo.com\/independiente\/wp-json\/wp\/v2\/categories?post=81559"},{"taxonomy":"post_tag","embeddable":true,"href":"https:\/\/www.locoxelrojo.com\/independiente\/wp-json\/wp\/v2\/tags?post=81559"}],"curies":[{"name":"wp","href":"https:\/\/api.w.org\/{rel}","templated":true}]}}