{"id":81727,"date":"2019-02-07T11:05:22","date_gmt":"2019-02-07T14:05:22","guid":{"rendered":"http:\/\/www.locoxelrojo.com\/independiente\/?p=81727"},"modified":"2019-02-07T22:37:40","modified_gmt":"2019-02-08T01:37:40","slug":"los5-ultimos-refuerzos-de-independiente-que-llegaron-desde-boca","status":"publish","type":"post","link":"https:\/\/www.locoxelrojo.com\/independiente\/2019\/02\/07\/los5-ultimos-refuerzos-de-independiente-que-llegaron-desde-boca\/","title":{"rendered":"#Los5 \u00faltimos refuerzos que llegaron desde Boca"},"content":{"rendered":"<p>En el \u00faltimo mercado de pases, <strong>el Rojo solo trajo a dos futbolistas y uno de ellos lleg\u00f3 de Boca Juniors<\/strong>: <strong>Pablo P\u00e9rez<\/strong>, quien ya jug\u00f3 -y bien- ante Talleres y San Lorenzo. <strong>Sin embargo son muy pocos los casos que han pasado directamente del Xeneize al Rey de Copas<\/strong>. \u00a1A continuaci\u00f3n, los repasamos!<\/p>\n<h3>Claudio Ria\u00f1o<\/h3>\n<p><a href=\"https:\/\/www.locoxelrojo.com\/independiente\/wp-content\/uploads\/2019\/02\/claudio-ria\u00f1o-quilmes.jpg\"><img loading=\"lazy\" class=\"aligncenter size-full wp-image-81728\" src=\"https:\/\/www.locoxelrojo.com\/independiente\/wp-content\/uploads\/2019\/02\/claudio-ria\u00f1o-quilmes.jpg\" alt=\"\" width=\"960\" height=\"640\" srcset=\"https:\/\/locoxelrojo.com\/independiente\/wp-content\/uploads\/2019\/02\/claudio-ria\u00f1o-quilmes.jpg 960w, https:\/\/locoxelrojo.com\/independiente\/wp-content\/uploads\/2019\/02\/claudio-ria\u00f1o-quilmes-300x200.jpg 300w, https:\/\/locoxelrojo.com\/independiente\/wp-content\/uploads\/2019\/02\/claudio-ria\u00f1o-quilmes-768x512.jpg 768w, https:\/\/locoxelrojo.com\/independiente\/wp-content\/uploads\/2019\/02\/claudio-ria\u00f1o-quilmes-696x464.jpg 696w, https:\/\/locoxelrojo.com\/independiente\/wp-content\/uploads\/2019\/02\/claudio-ria\u00f1o-quilmes-630x420.jpg 630w, https:\/\/locoxelrojo.com\/independiente\/wp-content\/uploads\/2019\/02\/claudio-ria\u00f1o-quilmes-128x85.jpg 128w, https:\/\/locoxelrojo.com\/independiente\/wp-content\/uploads\/2019\/02\/claudio-ria\u00f1o-quilmes-32x21.jpg 32w\" sizes=\"(max-width: 960px) 100vw, 960px\" \/><\/a><\/p>\n<p><strong>El delantero lleg\u00f3 en julio de 2014 a pr\u00e9stamo por 18 meses<\/strong> cuando el entrenador era Jorge Almir\u00f3n. Comenz\u00f3 su ciclo en el Rojo con el pie derecho haciendo dupla de ataque con Juan Mart\u00edn Lucero pero con el correr del tiempo perdi\u00f3 terreno. Luego, a mediados de 2015, asumi\u00f3 Mauricio Pellegrino y le comunic\u00f3 que no iba a ser tenido en cuenta.<\/p>\n<p>Fue as\u00ed como un a\u00f1o despu\u00e9s de haber desembarcado en Avellaneda tuvo que interrumpir su v\u00ednculo. <strong>Durante su paso por el Rojo disput\u00f3 24 partidos -19 como titular- y marc\u00f3 4 goles<\/strong> (dos a Quilmes, uno a Arsenal y otro a Godoy Cruz).<\/p>\n<h3>Leandro Graci\u00e1n<\/h3>\n<p><a href=\"https:\/\/www.locoxelrojo.com\/independiente\/wp-content\/uploads\/2019\/02\/leandro-gracian-banfield.jpg\"><img loading=\"lazy\" class=\"aligncenter wp-image-81729\" src=\"https:\/\/www.locoxelrojo.com\/independiente\/wp-content\/uploads\/2019\/02\/leandro-gracian-banfield.jpg\" alt=\"\" width=\"678\" height=\"462\" srcset=\"https:\/\/locoxelrojo.com\/independiente\/wp-content\/uploads\/2019\/02\/leandro-gracian-banfield.jpg 500w, https:\/\/locoxelrojo.com\/independiente\/wp-content\/uploads\/2019\/02\/leandro-gracian-banfield-300x205.jpg 300w, https:\/\/locoxelrojo.com\/independiente\/wp-content\/uploads\/2019\/02\/leandro-gracian-banfield-218x150.jpg 218w, https:\/\/locoxelrojo.com\/independiente\/wp-content\/uploads\/2019\/02\/leandro-gracian-banfield-128x87.jpg 128w, https:\/\/locoxelrojo.com\/independiente\/wp-content\/uploads\/2019\/02\/leandro-gracian-banfield-32x22.jpg 32w\" sizes=\"(max-width: 678px) 100vw, 678px\" \/><\/a><\/p>\n<p>El segundo de este repaso es el enganche que tambi\u00e9n lleg\u00f3 en calidad de pr\u00e9stamo desde el club de la Ribera. <strong>A principios de 2010 finaliz\u00f3 su cesi\u00f3n con el Aris de Grecia y arregl\u00f3\u00a0con el Rojo para jugar el Clausura en el equipo de Am\u00e9rico Gallego<\/strong>.<\/p>\n<p><strong>En total estuvo un a\u00f1o y medio, jug\u00f3 42 encuentros, hizo dos tantos y gan\u00f3 la Copa Sudamericana 2010<\/strong>. En ese certamen le hizo el gol del partido de vuelta a Argentinos Juniors y convirti\u00f3 su penal en la definici\u00f3n ante Goi\u00e1s. Su otro grito tambi\u00e9n es recordado: el que le hizo de mitad de cancha a Banfield.<\/p>\n<h3>Franco C\u00e1ngele<\/h3>\n<p><a href=\"https:\/\/www.locoxelrojo.com\/independiente\/wp-content\/uploads\/2019\/02\/franco-cangele.jpg\"><img loading=\"lazy\" class=\"aligncenter wp-image-81730\" src=\"https:\/\/www.locoxelrojo.com\/independiente\/wp-content\/uploads\/2019\/02\/franco-cangele.jpg\" alt=\"\" width=\"707\" height=\"639\" srcset=\"https:\/\/locoxelrojo.com\/independiente\/wp-content\/uploads\/2019\/02\/franco-cangele.jpg 295w, https:\/\/locoxelrojo.com\/independiente\/wp-content\/uploads\/2019\/02\/franco-cangele-128x116.jpg 128w, https:\/\/locoxelrojo.com\/independiente\/wp-content\/uploads\/2019\/02\/franco-cangele-32x29.jpg 32w\" sizes=\"(max-width: 707px) 100vw, 707px\" \/><\/a><\/p>\n<p>Luego de un arranque prometedor en Boca, el entrenador del Rojo de aquel entonces, C\u00e9sar Menotti, puso sus ojos en \u00e9l e Independiente lo fich\u00f3. <strong>Arrib\u00f3 en enero de 2005, a pr\u00e9stamo por un a\u00f1o y opci\u00f3n de compra<\/strong>.<\/p>\n<p><strong>Sin embargo su desempe\u00f1o no fue el esperado y jug\u00f3 11 partidos sin convertir ning\u00fan gol en el Clausura de aquel a\u00f1o<\/strong>. Para el Apertura, y ya con Julio Falcioni en el banco del Rey de Copas, C\u00e1ngele pas\u00f3 a Col\u00f3n de Santa Fe.<\/p>\n<h3>Christian Gim\u00e9nez<\/h3>\n<p><a href=\"https:\/\/www.locoxelrojo.com\/independiente\/wp-content\/uploads\/2019\/02\/christian-gimenez-velez.jpg\"><img loading=\"lazy\" class=\"aligncenter wp-image-81731\" src=\"https:\/\/www.locoxelrojo.com\/independiente\/wp-content\/uploads\/2019\/02\/christian-gimenez-velez.jpg\" alt=\"\" width=\"680\" height=\"446\" srcset=\"https:\/\/locoxelrojo.com\/independiente\/wp-content\/uploads\/2019\/02\/christian-gimenez-velez.jpg 660w, https:\/\/locoxelrojo.com\/independiente\/wp-content\/uploads\/2019\/02\/christian-gimenez-velez-300x197.jpg 300w, https:\/\/locoxelrojo.com\/independiente\/wp-content\/uploads\/2019\/02\/christian-gimenez-velez-640x420.jpg 640w, https:\/\/locoxelrojo.com\/independiente\/wp-content\/uploads\/2019\/02\/christian-gimenez-velez-128x84.jpg 128w, https:\/\/locoxelrojo.com\/independiente\/wp-content\/uploads\/2019\/02\/christian-gimenez-velez-32x21.jpg 32w\" sizes=\"(max-width: 680px) 100vw, 680px\" \/><\/a><\/p>\n<p>El jugador que m\u00e1s rindi\u00f3 en Independiente de esta recopilaci\u00f3n. <strong>Christian Gim\u00e9nez<\/strong>, un mediocampista ofensivo que <strong>lleg\u00f3 a mediados de 2003 y visti\u00f3 la camiseta del Rey de Copas durante una temporada<\/strong>.<\/p>\n<p>Su anterior paso hab\u00eda sido en Uni\u00f3n, donde jug\u00f3 los primeros seis meses de 2003. Sin embargo cuando\u00a0regres\u00f3 a Boca, Carlos Bianchi le dijo que no lo iba a tener en cuenta y fue ah\u00ed cuando Oscar Ruggeri pidi\u00f3 por \u00e9l. <strong>En total el Chaco sum\u00f3 33 presentaciones y convirti\u00f3 siete goles<\/strong>.<\/p>\n<h3>Julio Toresani<\/h3>\n<p><a href=\"https:\/\/www.locoxelrojo.com\/independiente\/wp-content\/uploads\/2019\/02\/toresani-independiente-boca.jpg\"><img loading=\"lazy\" class=\"aligncenter size-full wp-image-81734\" src=\"https:\/\/www.locoxelrojo.com\/independiente\/wp-content\/uploads\/2019\/02\/toresani-independiente-boca.jpg\" alt=\"\" width=\"741\" height=\"486\" srcset=\"https:\/\/locoxelrojo.com\/independiente\/wp-content\/uploads\/2019\/02\/toresani-independiente-boca.jpg 741w, https:\/\/locoxelrojo.com\/independiente\/wp-content\/uploads\/2019\/02\/toresani-independiente-boca-300x197.jpg 300w, https:\/\/locoxelrojo.com\/independiente\/wp-content\/uploads\/2019\/02\/toresani-independiente-boca-696x456.jpg 696w, https:\/\/locoxelrojo.com\/independiente\/wp-content\/uploads\/2019\/02\/toresani-independiente-boca-640x420.jpg 640w, https:\/\/locoxelrojo.com\/independiente\/wp-content\/uploads\/2019\/02\/toresani-independiente-boca-128x84.jpg 128w, https:\/\/locoxelrojo.com\/independiente\/wp-content\/uploads\/2019\/02\/toresani-independiente-boca-32x21.jpg 32w\" sizes=\"(max-width: 741px) 100vw, 741px\" \/><\/a><\/p>\n<p><strong>El \u00faltimo de este repaso es Julio Toresani, en cuya llegada tuvo mucho que ver el Flaco Menotti<\/strong>. El mediocampista ten\u00eda todo arreglado para continuar su carrera en Celta de Vigo, pero un llamado del por entonces entrenador del Rojo termin\u00f3 de inclinar la balanza.<\/p>\n<p>Fue as\u00ed como el mediocampista suspendi\u00f3 su viaje a Espa\u00f1a, <strong>se sum\u00f3 a Independiente en enero de 1998 y jug\u00f3 durante un a\u00f1o y medio<\/strong>.<\/p>\n","protected":false},"excerpt":{"rendered":"<p>En el \u00faltimo mercado de pases, el Rojo solo trajo a dos futbolistas y uno de ellos lleg\u00f3 de Boca Juniors: Pablo P\u00e9rez, quien ya jug\u00f3 -y bien- ante Talleres y San Lorenzo. Sin embargo son muy pocos los casos que han pasado directamente del Xeneize al Rey de Copas. \u00a1A continuaci\u00f3n, los repasamos! Claudio [&hellip;]<\/p>\n","protected":false},"author":19,"featured_media":81733,"comment_status":"open","ping_status":"closed","sticky":false,"template":"","format":"standard","meta":{"_links_to":"","_links_to_target":""},"categories":[3422,3247],"tags":[193,726,2197,153,3183,4126,38,3423,1518],"_links":{"self":[{"href":"https:\/\/www.locoxelrojo.com\/independiente\/wp-json\/wp\/v2\/posts\/81727"}],"collection":[{"href":"https:\/\/www.locoxelrojo.com\/independiente\/wp-json\/wp\/v2\/posts"}],"about":[{"href":"https:\/\/www.locoxelrojo.com\/independiente\/wp-json\/wp\/v2\/types\/post"}],"author":[{"embeddable":true,"href":"https:\/\/www.locoxelrojo.com\/independiente\/wp-json\/wp\/v2\/users\/19"}],"replies":[{"embeddable":true,"href":"https:\/\/www.locoxelrojo.com\/independiente\/wp-json\/wp\/v2\/comments?post=81727"}],"version-history":[{"count":1,"href":"https:\/\/www.locoxelrojo.com\/independiente\/wp-json\/wp\/v2\/posts\/81727\/revisions"}],"predecessor-version":[{"id":81735,"href":"https:\/\/www.locoxelrojo.com\/independiente\/wp-json\/wp\/v2\/posts\/81727\/revisions\/81735"}],"wp:featuredmedia":[{"embeddable":true,"href":"https:\/\/www.locoxelrojo.com\/independiente\/wp-json\/wp\/v2\/media\/81733"}],"wp:attachment":[{"href":"https:\/\/www.locoxelrojo.com\/independiente\/wp-json\/wp\/v2\/media?parent=81727"}],"wp:term":[{"taxonomy":"category","embeddable":true,"href":"https:\/\/www.locoxelrojo.com\/independiente\/wp-json\/wp\/v2\/categories?post=81727"},{"taxonomy":"post_tag","embeddable":true,"href":"https:\/\/www.locoxelrojo.com\/independiente\/wp-json\/wp\/v2\/tags?post=81727"}],"curies":[{"name":"wp","href":"https:\/\/api.w.org\/{rel}","templated":true}]}}