{"id":8195,"date":"2011-05-27T14:24:54","date_gmt":"2011-05-27T17:24:54","guid":{"rendered":"http:\/\/www.locoxelrojo.com.ar\/independiente\/?p=8195"},"modified":"2015-09-10T22:26:03","modified_gmt":"2015-09-11T01:26:03","slug":"vamos-vamos-los-pibes","status":"publish","type":"post","link":"https:\/\/www.locoxelrojo.com\/independiente\/2011\/05\/27\/vamos-vamos-los-pibes\/","title":{"rendered":"Vamos, vamos los pibes"},"content":{"rendered":"<p><a href=\"http:\/\/www.locoxelrojo.com.ar\/independiente\/wp-content\/uploads\/2011\/05\/Mohamed2.jpg\"><img loading=\"lazy\" class=\"alignnone size-full wp-image-8209\" title=\"Entrenamiento en Dominico\" src=\"http:\/\/www.locoxelrojo.com.ar\/independiente\/wp-content\/uploads\/2011\/05\/Mohamed2.jpg\" alt=\"\" width=\"590\" height=\"315\" srcset=\"https:\/\/locoxelrojo.com\/independiente\/wp-content\/uploads\/2011\/05\/Mohamed2.jpg 590w, https:\/\/locoxelrojo.com\/independiente\/wp-content\/uploads\/2011\/05\/Mohamed2-300x160.jpg 300w\" sizes=\"(max-width: 590px) 100vw, 590px\" \/><\/a><\/p>\n<p>La lista de concentrados presenta varias modificaciones obligadas. Ante las bajas de Carlos Matheu, Eduardo Tuzzio y Maximiliano Vel\u00e1zquez en defensa, Mohamed decidi\u00f3 incorporar a Javier B\u00e1ez con quien se mostr\u00f3 conforme en la pr\u00e1ctica de f\u00fatbol de Hoy. Por ende, la linea defensiva ser\u00eda de 3 con Javier B\u00e1ez, Juli\u00e1n Vel\u00e1zquez y Leonel Galeano.<\/p>\n<p>Ante la baja de Lucas Mareque por una contractura en el aductor, el Turco decidi\u00f3 incorporar a Federico Mancuello. Otra baja ser\u00eda la de Andr\u00e9s Silvera por tendinitis. Los dos jugadores, igualmente, est\u00e1n en la lista de concentrados. Por otro lado, Mohamed decidi\u00f3 incluir a Lucas Villafa\u00f1ez y a Leandro Graci\u00e1n.<\/p>\n<p>El 11 de la fecha fue entonces:<strong> Hilario Navarro; Cristian B\u00e1ez, Juli\u00e1n Vel\u00e1zquez, Leonel Galeano; Iv\u00e1n V\u00e9lez, Cristian Pellerano, Hern\u00e1n Fredes, Nicol\u00e1s Cabrera, Leandro Graci\u00e1n, Lucas Villafa\u00f1ez y Facundo Parra. <\/strong>Seg\u00fan confirm\u00f3 Javier B\u00e1ez a LocoXelRojo a\u00fan el t\u00e9cnico no confirm\u00f3 el 11 y har\u00eda lo propio ma\u00f1ana luego de una nueva pr\u00e1ctica de f\u00fatbol y pelota parada desde las 10 de la ma\u00f1ana.<\/p>\n","protected":false},"excerpt":{"rendered":"<p>La lista de concentrados presenta varias modificaciones obligadas. Ante las bajas de Carlos Matheu, Eduardo Tuzzio y Maximiliano Vel\u00e1zquez en defensa, Mohamed decidi\u00f3 incorporar a Javier B\u00e1ez con quien se mostr\u00f3 conforme en la pr\u00e1ctica de f\u00fatbol de Hoy. Por ende, la linea defensiva ser\u00eda de 3 con Javier B\u00e1ez, Juli\u00e1n Vel\u00e1zquez y Leonel Galeano. [&hellip;]<\/p>\n","protected":false},"author":1,"featured_media":0,"comment_status":"open","ping_status":"open","sticky":false,"template":"","format":"standard","meta":{"_links_to":"","_links_to_target":""},"categories":[3,1],"tags":[155,115,153,48,221,69,61],"_links":{"self":[{"href":"https:\/\/www.locoxelrojo.com\/independiente\/wp-json\/wp\/v2\/posts\/8195"}],"collection":[{"href":"https:\/\/www.locoxelrojo.com\/independiente\/wp-json\/wp\/v2\/posts"}],"about":[{"href":"https:\/\/www.locoxelrojo.com\/independiente\/wp-json\/wp\/v2\/types\/post"}],"author":[{"embeddable":true,"href":"https:\/\/www.locoxelrojo.com\/independiente\/wp-json\/wp\/v2\/users\/1"}],"replies":[{"embeddable":true,"href":"https:\/\/www.locoxelrojo.com\/independiente\/wp-json\/wp\/v2\/comments?post=8195"}],"version-history":[{"count":0,"href":"https:\/\/www.locoxelrojo.com\/independiente\/wp-json\/wp\/v2\/posts\/8195\/revisions"}],"wp:attachment":[{"href":"https:\/\/www.locoxelrojo.com\/independiente\/wp-json\/wp\/v2\/media?parent=8195"}],"wp:term":[{"taxonomy":"category","embeddable":true,"href":"https:\/\/www.locoxelrojo.com\/independiente\/wp-json\/wp\/v2\/categories?post=8195"},{"taxonomy":"post_tag","embeddable":true,"href":"https:\/\/www.locoxelrojo.com\/independiente\/wp-json\/wp\/v2\/tags?post=8195"}],"curies":[{"name":"wp","href":"https:\/\/api.w.org\/{rel}","templated":true}]}}