{"id":82132,"date":"2019-03-04T19:56:04","date_gmt":"2019-03-04T22:56:04","guid":{"rendered":"http:\/\/www.locoxelrojo.com\/independiente\/?p=82132"},"modified":"2019-03-05T15:04:22","modified_gmt":"2019-03-05T18:04:22","slug":"regenerativo-con-un-lesionado-independiente","status":"publish","type":"post","link":"https:\/\/www.locoxelrojo.com\/independiente\/2019\/03\/04\/regenerativo-con-un-lesionado-independiente\/","title":{"rendered":"Regenerativo con un lesionado"},"content":{"rendered":"<p style=\"font-weight: 400;\"><strong>Independiente volvi\u00f3 a entrenarse dejando atr\u00e1s lo que fue una nueva derrota y ya piensa en el duelo del mi\u00e9rcoles ante Atlas.<\/strong><\/p>\n<p style=\"font-weight: 400;\">Tras el duro traspi\u00e9 sufrido ante Gimnasia en La Plata, el plantel del Rojo retom\u00f3 los entrenamientos este lunes en Villa Dom\u00ednico, tratando de <strong>dar vuelta la p\u00e1gina y enfocarse en el debut del mi\u00e9rcoles por Copa Argentina<\/strong>.<\/p>\n<p style=\"font-weight: 400;\">Quienes vieron acci\u00f3n en el duelo ante el Lobo, realizaron<strong> trabajos regenerativos<\/strong>, mientras\u00a0quienes no sumaron minutos llevaron adelante<strong> ejercicios con pelota en espacios reducidos<\/strong>.<\/p>\n<p style=\"font-weight: 400;\"><strong>Gonzalo Ver\u00f3n, quien a \u00faltimo momento se qued\u00f3 afuera del partido en el Bosque, se entren\u00f3 de manera diferenciada por un esguince en su tobillo<\/strong>,\u00a0con trabajos espec\u00edficos de recuperaci\u00f3n. A \u00e9l se le sum\u00f3\u00a0Carlos Benav\u00eddez, quien contin\u00faa recuper\u00e1ndose de su lesi\u00f3n de ligamentos. El equipo volver\u00e1 a las pr\u00e1cticas el martes por la tarde en Villa Dom\u00ednico y a puertas cerradas.<\/p>\n","protected":false},"excerpt":{"rendered":"<p>Independiente volvi\u00f3 a entrenarse dejando atr\u00e1s lo que fue una nueva derrota y ya piensa en el duelo del mi\u00e9rcoles ante Atlas. Tras el duro traspi\u00e9 sufrido ante Gimnasia en La Plata, el plantel del Rojo retom\u00f3 los entrenamientos este lunes en Villa Dom\u00ednico, tratando de dar vuelta la p\u00e1gina y enfocarse en el debut [&hellip;]<\/p>\n","protected":false},"author":25,"featured_media":82137,"comment_status":"open","ping_status":"closed","sticky":false,"template":"","format":"standard","meta":{"_links_to":"","_links_to_target":""},"categories":[3247,3],"tags":[26,3757,172],"_links":{"self":[{"href":"https:\/\/www.locoxelrojo.com\/independiente\/wp-json\/wp\/v2\/posts\/82132"}],"collection":[{"href":"https:\/\/www.locoxelrojo.com\/independiente\/wp-json\/wp\/v2\/posts"}],"about":[{"href":"https:\/\/www.locoxelrojo.com\/independiente\/wp-json\/wp\/v2\/types\/post"}],"author":[{"embeddable":true,"href":"https:\/\/www.locoxelrojo.com\/independiente\/wp-json\/wp\/v2\/users\/25"}],"replies":[{"embeddable":true,"href":"https:\/\/www.locoxelrojo.com\/independiente\/wp-json\/wp\/v2\/comments?post=82132"}],"version-history":[{"count":1,"href":"https:\/\/www.locoxelrojo.com\/independiente\/wp-json\/wp\/v2\/posts\/82132\/revisions"}],"predecessor-version":[{"id":82136,"href":"https:\/\/www.locoxelrojo.com\/independiente\/wp-json\/wp\/v2\/posts\/82132\/revisions\/82136"}],"wp:featuredmedia":[{"embeddable":true,"href":"https:\/\/www.locoxelrojo.com\/independiente\/wp-json\/wp\/v2\/media\/82137"}],"wp:attachment":[{"href":"https:\/\/www.locoxelrojo.com\/independiente\/wp-json\/wp\/v2\/media?parent=82132"}],"wp:term":[{"taxonomy":"category","embeddable":true,"href":"https:\/\/www.locoxelrojo.com\/independiente\/wp-json\/wp\/v2\/categories?post=82132"},{"taxonomy":"post_tag","embeddable":true,"href":"https:\/\/www.locoxelrojo.com\/independiente\/wp-json\/wp\/v2\/tags?post=82132"}],"curies":[{"name":"wp","href":"https:\/\/api.w.org\/{rel}","templated":true}]}}