{"id":82181,"date":"2019-03-07T17:33:53","date_gmt":"2019-03-07T20:33:53","guid":{"rendered":"http:\/\/www.locoxelrojo.com\/independiente\/?p=82181"},"modified":"2019-03-08T18:05:35","modified_gmt":"2019-03-08T21:05:35","slug":"prestados-rojos-mingo-blanco-de-seleccion","status":"publish","type":"post","link":"https:\/\/www.locoxelrojo.com\/independiente\/2019\/03\/07\/prestados-rojos-mingo-blanco-de-seleccion\/","title":{"rendered":"Prestados Rojos: Mingo de Selecci\u00f3n"},"content":{"rendered":"<p><strong>El t\u00e9cnico de la Selecci\u00f3n Argentina, Lionel Scaloni, dio la lista de convocados para los amistosos a disputarse a fin de mes ante Venezuela y Marruecos. Una de las sorpresas del \u00e1mbito local fue Domingo Blanco, quien pertenece a Independiente y est\u00e1 a pr\u00e9stamo en Defensa y Justicia.<\/strong><\/p>\n<p>En junio del 2018, tanto Blanco como Gast\u00f3n Togni fueron cedidos al equipo dirigido por Sebasti\u00e1n Beccacece. El pr\u00e9stamo de Mingo finaliza en junio de este a\u00f1o y <strong>si Defensa no hace uso de la opci\u00f3n de compra, de 2.500.000 millones de d\u00f3lares, el volante deber\u00e1 retornar a Independiente<\/strong>.<\/p>\n<p>El mediocampista oriundo de Punta Alta, provincia de Buenos Aires, lleva disputados <strong>26 partidos en el Halc\u00f3n y no ha convertido goles a\u00fan<\/strong>.<\/p>\n<p>A continuaci\u00f3n, la lista completa de los convocados por el DT de la Selecci\u00f3n:<\/p>\n<p><a href=\"https:\/\/www.locoxelrojo.com\/independiente\/2019\/03\/07\/prestados-rojos-mingo-de-seleccion\/convocados-seleccion-argentina\/\" rel=\"attachment wp-att-82183\"><img loading=\"lazy\" class=\"alignnone size-large wp-image-82183\" src=\"https:\/\/www.locoxelrojo.com\/independiente\/wp-content\/uploads\/2019\/03\/Convocados-Seleccion-Argentina-1024x1024.jpg\" alt=\"\" width=\"696\" height=\"696\" srcset=\"https:\/\/locoxelrojo.com\/independiente\/wp-content\/uploads\/2019\/03\/Convocados-Seleccion-Argentina-1024x1024.jpg 1024w, https:\/\/locoxelrojo.com\/independiente\/wp-content\/uploads\/2019\/03\/Convocados-Seleccion-Argentina-150x150.jpg 150w, https:\/\/locoxelrojo.com\/independiente\/wp-content\/uploads\/2019\/03\/Convocados-Seleccion-Argentina-300x300.jpg 300w, https:\/\/locoxelrojo.com\/independiente\/wp-content\/uploads\/2019\/03\/Convocados-Seleccion-Argentina-768x768.jpg 768w, https:\/\/locoxelrojo.com\/independiente\/wp-content\/uploads\/2019\/03\/Convocados-Seleccion-Argentina-696x696.jpg 696w, https:\/\/locoxelrojo.com\/independiente\/wp-content\/uploads\/2019\/03\/Convocados-Seleccion-Argentina-1068x1068.jpg 1068w, https:\/\/locoxelrojo.com\/independiente\/wp-content\/uploads\/2019\/03\/Convocados-Seleccion-Argentina-420x420.jpg 420w, https:\/\/locoxelrojo.com\/independiente\/wp-content\/uploads\/2019\/03\/Convocados-Seleccion-Argentina-128x128.jpg 128w, https:\/\/locoxelrojo.com\/independiente\/wp-content\/uploads\/2019\/03\/Convocados-Seleccion-Argentina-32x32.jpg 32w, https:\/\/locoxelrojo.com\/independiente\/wp-content\/uploads\/2019\/03\/Convocados-Seleccion-Argentina.jpg 1080w\" sizes=\"(max-width: 696px) 100vw, 696px\" \/><\/a><\/p>\n","protected":false},"excerpt":{"rendered":"<p>El t\u00e9cnico de la Selecci\u00f3n Argentina, Lionel Scaloni, dio la lista de convocados para los amistosos a disputarse a fin de mes ante Venezuela y Marruecos. Una de las sorpresas del \u00e1mbito local fue Domingo Blanco, quien pertenece a Independiente y est\u00e1 a pr\u00e9stamo en Defensa y Justicia. En junio del 2018, tanto Blanco como [&hellip;]<\/p>\n","protected":false},"author":101016,"featured_media":82182,"comment_status":"open","ping_status":"closed","sticky":false,"template":"","format":"standard","meta":{"_links_to":"","_links_to_target":""},"categories":[3297,3247],"tags":[896,2958,3298],"_links":{"self":[{"href":"https:\/\/www.locoxelrojo.com\/independiente\/wp-json\/wp\/v2\/posts\/82181"}],"collection":[{"href":"https:\/\/www.locoxelrojo.com\/independiente\/wp-json\/wp\/v2\/posts"}],"about":[{"href":"https:\/\/www.locoxelrojo.com\/independiente\/wp-json\/wp\/v2\/types\/post"}],"author":[{"embeddable":true,"href":"https:\/\/www.locoxelrojo.com\/independiente\/wp-json\/wp\/v2\/users\/101016"}],"replies":[{"embeddable":true,"href":"https:\/\/www.locoxelrojo.com\/independiente\/wp-json\/wp\/v2\/comments?post=82181"}],"version-history":[{"count":1,"href":"https:\/\/www.locoxelrojo.com\/independiente\/wp-json\/wp\/v2\/posts\/82181\/revisions"}],"predecessor-version":[{"id":82184,"href":"https:\/\/www.locoxelrojo.com\/independiente\/wp-json\/wp\/v2\/posts\/82181\/revisions\/82184"}],"wp:featuredmedia":[{"embeddable":true,"href":"https:\/\/www.locoxelrojo.com\/independiente\/wp-json\/wp\/v2\/media\/82182"}],"wp:attachment":[{"href":"https:\/\/www.locoxelrojo.com\/independiente\/wp-json\/wp\/v2\/media?parent=82181"}],"wp:term":[{"taxonomy":"category","embeddable":true,"href":"https:\/\/www.locoxelrojo.com\/independiente\/wp-json\/wp\/v2\/categories?post=82181"},{"taxonomy":"post_tag","embeddable":true,"href":"https:\/\/www.locoxelrojo.com\/independiente\/wp-json\/wp\/v2\/tags?post=82181"}],"curies":[{"name":"wp","href":"https:\/\/api.w.org\/{rel}","templated":true}]}}