{"id":82204,"date":"2019-03-09T14:28:53","date_gmt":"2019-03-09T17:28:53","guid":{"rendered":"http:\/\/www.locoxelrojo.com\/independiente\/?p=82204"},"modified":"2019-03-10T12:27:44","modified_gmt":"2019-03-10T15:27:44","slug":"concentrados-vs-aldosivi-entran-3-salen-2","status":"publish","type":"post","link":"https:\/\/www.locoxelrojo.com\/independiente\/2019\/03\/09\/concentrados-vs-aldosivi-entran-3-salen-2\/","title":{"rendered":"Concentrados vs. Aldosivi: entran tres, salen dos"},"content":{"rendered":"<p>Ariel Holan confirm\u00f3 la lista de convocados para el encuentro de este domingo ante Aldosivi por la fecha 22 de la Superliga. <strong>En total son 20 jugadores, por lo que dos quedar\u00e1n afuera del banco de suplentes<\/strong>.<\/p>\n<p>Finalmente <strong><a href=\"https:\/\/www.locoxelrojo.com\/independiente\/2019\/03\/08\/enfermeria-roja-molina\/\">Mauro Molina no se encuentra en \u00f3ptimas condiciones f\u00edsicas<\/a> y el cuerpo t\u00e9cnico no lo arriesgar\u00e1 contra Aldosivi<\/strong>. En su lugar ir\u00e1n dos delanteros: <strong>Ezeqeuiel Cerutti y Emanuel Mercado<\/strong>, quien fue citado por primera vez.<\/p>\n<p>Y la \u00faltima variante tambi\u00e9n es obligada. Se trata del ingreso de <strong>Emanuel Br\u00edtez por Fabricio Bustos<\/strong>, quien lleg\u00f3 a la quinta amarilla el domingo pasado en el Bosque.<\/p>\n<h3><span style=\"text-decoration: underline;\"><strong>Los 20 concentrados:<\/strong><\/span><\/h3>\n<p><span style=\"text-decoration: underline;\"><strong>Arqueros:<\/strong><\/span> Mart\u00edn Campa\u00f1a y Milton \u00c1lvarez.<\/p>\n<p><span style=\"text-decoration: underline;\"><strong>Defensores:<\/strong><\/span> Alan Franco, Guillermo Burdisso, Nicol\u00e1s Figal, Juan S\u00e1nchez Mi\u00f1o, Gast\u00f3n Silva y Emanuel Br\u00edtez.<\/p>\n<p><span style=\"text-decoration: underline;\"><strong>Mediocampistas:<\/strong><\/span> Nicol\u00e1s Domingo, Pablo P\u00e9rez, Fernando Gaibor, Pablo Hern\u00e1ndez y Francisco Silva.<\/p>\n<p><span style=\"text-decoration: underline;\"><strong>Delanteros:<\/strong><\/span> Mart\u00edn Ben\u00edtez, Cecilio Dom\u00ednguez, Jonathan Men\u00e9ndez, Silvio Romero, Ezequiel Cerutti, Francisco Pizzini y Emanuel Mercado.<\/p>\n","protected":false},"excerpt":{"rendered":"<p>Ariel Holan confirm\u00f3 la lista de convocados para el encuentro de este domingo ante Aldosivi por la fecha 22 de la Superliga. En total son 20 jugadores, por lo que dos quedar\u00e1n afuera del banco de suplentes. Finalmente Mauro Molina no se encuentra en \u00f3ptimas condiciones f\u00edsicas y el cuerpo t\u00e9cnico no lo arriesgar\u00e1 contra [&hellip;]<\/p>\n","protected":false},"author":19,"featured_media":81469,"comment_status":"open","ping_status":"closed","sticky":false,"template":"","format":"standard","meta":{"_links_to":"","_links_to_target":""},"categories":[3247,3],"tags":[3727,4133,1027,3659],"_links":{"self":[{"href":"https:\/\/www.locoxelrojo.com\/independiente\/wp-json\/wp\/v2\/posts\/82204"}],"collection":[{"href":"https:\/\/www.locoxelrojo.com\/independiente\/wp-json\/wp\/v2\/posts"}],"about":[{"href":"https:\/\/www.locoxelrojo.com\/independiente\/wp-json\/wp\/v2\/types\/post"}],"author":[{"embeddable":true,"href":"https:\/\/www.locoxelrojo.com\/independiente\/wp-json\/wp\/v2\/users\/19"}],"replies":[{"embeddable":true,"href":"https:\/\/www.locoxelrojo.com\/independiente\/wp-json\/wp\/v2\/comments?post=82204"}],"version-history":[{"count":0,"href":"https:\/\/www.locoxelrojo.com\/independiente\/wp-json\/wp\/v2\/posts\/82204\/revisions"}],"wp:featuredmedia":[{"embeddable":true,"href":"https:\/\/www.locoxelrojo.com\/independiente\/wp-json\/wp\/v2\/media\/81469"}],"wp:attachment":[{"href":"https:\/\/www.locoxelrojo.com\/independiente\/wp-json\/wp\/v2\/media?parent=82204"}],"wp:term":[{"taxonomy":"category","embeddable":true,"href":"https:\/\/www.locoxelrojo.com\/independiente\/wp-json\/wp\/v2\/categories?post=82204"},{"taxonomy":"post_tag","embeddable":true,"href":"https:\/\/www.locoxelrojo.com\/independiente\/wp-json\/wp\/v2\/tags?post=82204"}],"curies":[{"name":"wp","href":"https:\/\/api.w.org\/{rel}","templated":true}]}}