{"id":82249,"date":"2019-03-12T19:51:15","date_gmt":"2019-03-12T22:51:15","guid":{"rendered":"http:\/\/www.locoxelrojo.com\/independiente\/?p=82249"},"modified":"2019-03-13T10:06:31","modified_gmt":"2019-03-13T13:06:31","slug":"campana-para-independiente-poco-clasificar-sudamericana","status":"publish","type":"post","link":"https:\/\/www.locoxelrojo.com\/independiente\/2019\/03\/12\/campana-para-independiente-poco-clasificar-sudamericana\/","title":{"rendered":"Campa\u00f1a: &#8220;Para Independiente es poco clasificar a la Sudamericana&#8221;"},"content":{"rendered":"<p><strong>Mart\u00edn Campa\u00f1a<\/strong>\u00a0fue tajante al hablar sobre la dificultad de lograr los objetivos planteados, analiz\u00f3 el presente del equipo y le rest\u00f3 importancia a la falta de un 9.<\/p>\n<p><strong>&#8220;Para Independiente es poco clasificar a la Sudamericana. La aspiraci\u00f3n era clasificar a la Libertadores y estar entre los primeros puestos, pero no se nos dio este a\u00f1o. Obviamente que todav\u00eda tenemos expectativas en Copa Argentina y en la Copa de la Superliga, que tienen clasificaci\u00f3n a la Libertadores&#8221;<\/strong>, sentenci\u00f3 el capit\u00e1n en los micr\u00f3fonos de <em>Sportia<\/em>.<\/p>\n<p>El arquero record\u00f3 la etapa sin triunfos en la Superliga e intent\u00f3 encontrarle una explicaci\u00f3n. <strong>&#8220;Creo que se debe al recambio, los jugadores que llegaron se est\u00e1n adaptando y no encontramos el juego que buscamos en los entrenamientos. Tuvimos partidos buenos, pero tampoco encontramos los resultados. Con Racing jugamos bien y no pudimos ganarlo&#8221;<\/strong>, afirm\u00f3.<\/p>\n<p>Consultado sobre la importancia de no tener un centrodelantero titular fijo, el uruguayo le rest\u00f3 dramatismo a la salida de Emmanuel Gigliotti y se enfoc\u00f3 en el funcionamiento colectivo.<strong> &#8220;Despu\u00e9s de que se fue el Puma no encontramos el juego ni los goles. Pero no fue por la falta de un 9. No gener\u00e1bamos situaciones de peligro y as\u00ed con cualquiera que jugara arriba no \u00edbamos a convertir&#8221;<\/strong>, observ\u00f3. Luego, se enfoc\u00f3 en el compromiso del domingo en el Monumental: <strong>&#8220;Tenemos un lindo partido con River y ojal\u00e1 sigan apareciendo los goles y el juego, que es lo m\u00e1s importante&#8221;<\/strong>.<\/p>\n<p>Sobre el final, Campa\u00f1a no esquiv\u00f3 la pregunta sobre su futuro y asegur\u00f3 que no lo inquieta alejarse de Avellaneda. <strong>&#8220;Uno siempre sue\u00f1a con jugar en Europa. Si viene, bienvenido sea, pero si no, soy feliz en Independiente. He recibido mucho cari\u00f1o en estos a\u00f1os y tengo las mismas ganas que desde el primer d\u00eda&#8221;<\/strong>, cerr\u00f3.<\/p>\n","protected":false},"excerpt":{"rendered":"<p>Mart\u00edn Campa\u00f1a\u00a0fue tajante al hablar sobre la dificultad de lograr los objetivos planteados, analiz\u00f3 el presente del equipo y le rest\u00f3 importancia a la falta de un 9. &#8220;Para Independiente es poco clasificar a la Sudamericana. La aspiraci\u00f3n era clasificar a la Libertadores y estar entre los primeros puestos, pero no se nos dio este [&hellip;]<\/p>\n","protected":false},"author":8,"featured_media":82250,"comment_status":"open","ping_status":"closed","sticky":false,"template":"","format":"standard","meta":{"_links_to":"","_links_to_target":""},"categories":[3247,3],"tags":[3126],"_links":{"self":[{"href":"https:\/\/www.locoxelrojo.com\/independiente\/wp-json\/wp\/v2\/posts\/82249"}],"collection":[{"href":"https:\/\/www.locoxelrojo.com\/independiente\/wp-json\/wp\/v2\/posts"}],"about":[{"href":"https:\/\/www.locoxelrojo.com\/independiente\/wp-json\/wp\/v2\/types\/post"}],"author":[{"embeddable":true,"href":"https:\/\/www.locoxelrojo.com\/independiente\/wp-json\/wp\/v2\/users\/8"}],"replies":[{"embeddable":true,"href":"https:\/\/www.locoxelrojo.com\/independiente\/wp-json\/wp\/v2\/comments?post=82249"}],"version-history":[{"count":0,"href":"https:\/\/www.locoxelrojo.com\/independiente\/wp-json\/wp\/v2\/posts\/82249\/revisions"}],"wp:featuredmedia":[{"embeddable":true,"href":"https:\/\/www.locoxelrojo.com\/independiente\/wp-json\/wp\/v2\/media\/82250"}],"wp:attachment":[{"href":"https:\/\/www.locoxelrojo.com\/independiente\/wp-json\/wp\/v2\/media?parent=82249"}],"wp:term":[{"taxonomy":"category","embeddable":true,"href":"https:\/\/www.locoxelrojo.com\/independiente\/wp-json\/wp\/v2\/categories?post=82249"},{"taxonomy":"post_tag","embeddable":true,"href":"https:\/\/www.locoxelrojo.com\/independiente\/wp-json\/wp\/v2\/tags?post=82249"}],"curies":[{"name":"wp","href":"https:\/\/api.w.org\/{rel}","templated":true}]}}