{"id":82251,"date":"2019-03-13T10:23:02","date_gmt":"2019-03-13T13:23:02","guid":{"rendered":"http:\/\/www.locoxelrojo.com\/independiente\/?p=82251"},"modified":"2019-03-13T14:56:02","modified_gmt":"2019-03-13T17:56:02","slug":"figal-nos-duele-no-estar-clasificados-a-la-libertadores","status":"publish","type":"post","link":"https:\/\/www.locoxelrojo.com\/independiente\/2019\/03\/13\/figal-nos-duele-no-estar-clasificados-a-la-libertadores\/","title":{"rendered":"Figal: &#8220;Nos duele no estar clasificados a la Libertadores&#8221;"},"content":{"rendered":"<p><strong>Nicol\u00e1s Figal<\/strong> dialog\u00f3 con El Mundo FC, habl\u00f3 de la actualidad del equipo, su rendimiento y la posibilidad de mantener su posici\u00f3n como lateral derecho de la defensa.<\/p>\n<p>El central comenz\u00f3 analizando el nivel colectivo en los \u00faltimos encuentros: <strong>&#8220;Independiente tuvo sus partidos de bajo rendimiento, pero son muy pocos, contados con la mano. Contra Uni\u00f3n ganamos y se jug\u00f3 un muy buen partido. En el cl\u00e1sico no merecimos perder y de todos los partidos que no hemos sacado un buen resultado yo creo que el \u00fanico partido que jugamos mal fue con Gimnasia, que cuando nos pusimos a hablar hemos dicho que jugamos muy mal. Hicimos un muy buen partido contra Atlas y lo hicimos en el primer tiempo ante Aldosivi&#8221;<\/strong>.<\/p>\n<p>Sobre el debate constante de la ida del Puma en el \u00faltimo mercado de pases y la falta de un &#8220;9&#8221; de \u00e1rea al no estar Silvio Romero, dijo: <strong>&#8220;La salida de Gigliotti la hemos sentido, pero no creo que por eso nosotros tuvimos un mal rendimiento. Esa escasez de goles la hemos tenido siempre, quiz\u00e1s por mala suerte o no haber tenido punter\u00eda&#8221;<\/strong>.<\/p>\n<p>Continu\u00f3 haciendo \u00e9nfasis en el rol que le asign\u00f3 Holan como lateral y se\u00f1al\u00f3: <strong>&#8220;Soy central, pero lo puedo hacer de lateral tambi\u00e9n. Yo creo que un defensor de equipo grande tiene que tener las cualidades de jugar en cualquier posici\u00f3n que el t\u00e9cnico le pide. Yo no tengo las mismas caracter\u00edsticas de Bustos, tal vez no le doy tanto la llegada como tiene \u00e9l pero defensivamente vamos a estar m\u00e1s cubiertos. El equipo necesita mucho del Tractor&#8221;<\/strong>.<\/p>\n<p><strong>&#8220;Nos duele no estar clasificando a la Libertadores, tenemos un plantel para pelear los primeros puestos. Independiente es un club grande que tiene la vara muy alta&#8221;<\/strong>, asegur\u00f3 el ex Olimpo.<\/p>\n<p>Para terminar, coment\u00f3 que su sue\u00f1o a futuro es <strong>&#8220;estar en la Selecci\u00f3n Argentina\u201d<\/strong> y al ser consultado por un jugador como referente dijo: <strong>&#8220;En mi puesto, me gusta mucho Nicol\u00e1s Otamendi\u201d<\/strong>.<\/p>\n","protected":false},"excerpt":{"rendered":"<p>Nicol\u00e1s Figal dialog\u00f3 con El Mundo FC, habl\u00f3 de la actualidad del equipo, su rendimiento y la posibilidad de mantener su posici\u00f3n como lateral derecho de la defensa. El central comenz\u00f3 analizando el nivel colectivo en los \u00faltimos encuentros: &#8220;Independiente tuvo sus partidos de bajo rendimiento, pero son muy pocos, contados con la mano. Contra [&hellip;]<\/p>\n","protected":false},"author":101017,"featured_media":80068,"comment_status":"open","ping_status":"closed","sticky":false,"template":"","format":"standard","meta":{"_links_to":"","_links_to_target":""},"categories":[3247,3],"tags":[153,2625],"_links":{"self":[{"href":"https:\/\/www.locoxelrojo.com\/independiente\/wp-json\/wp\/v2\/posts\/82251"}],"collection":[{"href":"https:\/\/www.locoxelrojo.com\/independiente\/wp-json\/wp\/v2\/posts"}],"about":[{"href":"https:\/\/www.locoxelrojo.com\/independiente\/wp-json\/wp\/v2\/types\/post"}],"author":[{"embeddable":true,"href":"https:\/\/www.locoxelrojo.com\/independiente\/wp-json\/wp\/v2\/users\/101017"}],"replies":[{"embeddable":true,"href":"https:\/\/www.locoxelrojo.com\/independiente\/wp-json\/wp\/v2\/comments?post=82251"}],"version-history":[{"count":0,"href":"https:\/\/www.locoxelrojo.com\/independiente\/wp-json\/wp\/v2\/posts\/82251\/revisions"}],"wp:featuredmedia":[{"embeddable":true,"href":"https:\/\/www.locoxelrojo.com\/independiente\/wp-json\/wp\/v2\/media\/80068"}],"wp:attachment":[{"href":"https:\/\/www.locoxelrojo.com\/independiente\/wp-json\/wp\/v2\/media?parent=82251"}],"wp:term":[{"taxonomy":"category","embeddable":true,"href":"https:\/\/www.locoxelrojo.com\/independiente\/wp-json\/wp\/v2\/categories?post=82251"},{"taxonomy":"post_tag","embeddable":true,"href":"https:\/\/www.locoxelrojo.com\/independiente\/wp-json\/wp\/v2\/tags?post=82251"}],"curies":[{"name":"wp","href":"https:\/\/api.w.org\/{rel}","templated":true}]}}