{"id":82260,"date":"2019-03-13T09:30:24","date_gmt":"2019-03-13T12:30:24","guid":{"rendered":"http:\/\/www.locoxelrojo.com\/independiente\/?p=82260"},"modified":"2019-03-13T18:43:40","modified_gmt":"2019-03-13T21:43:40","slug":"capitan-de-seleccion","status":"publish","type":"post","link":"https:\/\/www.locoxelrojo.com\/independiente\/2019\/03\/13\/capitan-de-seleccion\/","title":{"rendered":"Capit\u00e1n de Selecci\u00f3n"},"content":{"rendered":"<p><strong>Mart\u00edn Campa\u00f1a fue convocado por \u00d3scar Tab\u00e1rez para viajar con la Selecci\u00f3n de Uruguay a disputar la China Cup en el continente asi\u00e1tico.<\/strong><\/p>\n<p><strong>El capit\u00e1n de Independiente estar\u00e1 ausente a partir del 18 de marzo<\/strong>, fecha en que el conjunto albiceleste partir\u00e1 hacia Nanning.\u00a0<strong>El viernes 22 disputar\u00e1n la semifinal ante Uzbekist\u00e1n<\/strong>, y el lunes 25, la final o el partido por el tercer puesto.<\/p>\n<p>El arquero fue el \u00fanico convocado del Rojo en Uruguay, ya que esta vez <strong>el Maestro Tab\u00e1rez decidi\u00f3 no citar a Gast\u00f3n Silva<\/strong>.<\/p>\n<blockquote class=\"twitter-tweet\" data-lang=\"es\">\n<p dir=\"ltr\" lang=\"es\"><a href=\"https:\/\/twitter.com\/hashtag\/ChinaCup?src=hash&amp;ref_src=twsrc%5Etfw\">#ChinaCup<\/a> | Los 23 convocados de <a href=\"https:\/\/twitter.com\/Uruguay?ref_src=twsrc%5Etfw\">@Uruguay<\/a>.<br \/>\nEl viernes parte el Cuerpo T\u00e9cnico rumbo a Nanning. <a href=\"https:\/\/t.co\/tbuFXSgKVb\">pic.twitter.com\/tbuFXSgKVb<\/a><\/p>\n<p>\u2014 Selecci\u00f3n Uruguaya (@Uruguay) <a href=\"https:\/\/twitter.com\/Uruguay\/status\/1105813268638109696?ref_src=twsrc%5Etfw\">13 de marzo de 2019<\/a><\/p><\/blockquote>\n<p><script async src=\"https:\/\/platform.twitter.com\/widgets.js\" charset=\"utf-8\"><\/script><\/p>\n","protected":false},"excerpt":{"rendered":"<p>Mart\u00edn Campa\u00f1a fue convocado por \u00d3scar Tab\u00e1rez para viajar con la Selecci\u00f3n de Uruguay a disputar la China Cup en el continente asi\u00e1tico. El capit\u00e1n de Independiente estar\u00e1 ausente a partir del 18 de marzo, fecha en que el conjunto albiceleste partir\u00e1 hacia Nanning.\u00a0El viernes 22 disputar\u00e1n la semifinal ante Uzbekist\u00e1n, y el lunes 25, [&hellip;]<\/p>\n","protected":false},"author":101017,"featured_media":80746,"comment_status":"open","ping_status":"closed","sticky":false,"template":"","format":"standard","meta":{"_links_to":"","_links_to_target":""},"categories":[3280,3247],"tags":[3126,929],"_links":{"self":[{"href":"https:\/\/www.locoxelrojo.com\/independiente\/wp-json\/wp\/v2\/posts\/82260"}],"collection":[{"href":"https:\/\/www.locoxelrojo.com\/independiente\/wp-json\/wp\/v2\/posts"}],"about":[{"href":"https:\/\/www.locoxelrojo.com\/independiente\/wp-json\/wp\/v2\/types\/post"}],"author":[{"embeddable":true,"href":"https:\/\/www.locoxelrojo.com\/independiente\/wp-json\/wp\/v2\/users\/101017"}],"replies":[{"embeddable":true,"href":"https:\/\/www.locoxelrojo.com\/independiente\/wp-json\/wp\/v2\/comments?post=82260"}],"version-history":[{"count":0,"href":"https:\/\/www.locoxelrojo.com\/independiente\/wp-json\/wp\/v2\/posts\/82260\/revisions"}],"wp:featuredmedia":[{"embeddable":true,"href":"https:\/\/www.locoxelrojo.com\/independiente\/wp-json\/wp\/v2\/media\/80746"}],"wp:attachment":[{"href":"https:\/\/www.locoxelrojo.com\/independiente\/wp-json\/wp\/v2\/media?parent=82260"}],"wp:term":[{"taxonomy":"category","embeddable":true,"href":"https:\/\/www.locoxelrojo.com\/independiente\/wp-json\/wp\/v2\/categories?post=82260"},{"taxonomy":"post_tag","embeddable":true,"href":"https:\/\/www.locoxelrojo.com\/independiente\/wp-json\/wp\/v2\/tags?post=82260"}],"curies":[{"name":"wp","href":"https:\/\/api.w.org\/{rel}","templated":true}]}}