{"id":82321,"date":"2019-03-15T14:57:39","date_gmt":"2019-03-15T17:57:39","guid":{"rendered":"http:\/\/www.locoxelrojo.com\/independiente\/?p=82321"},"modified":"2019-03-15T21:02:26","modified_gmt":"2019-03-16T00:02:26","slug":"volvio-rehak","status":"publish","type":"post","link":"https:\/\/www.locoxelrojo.com\/independiente\/2019\/03\/15\/volvio-rehak\/","title":{"rendered":"\u00a1Volvi\u00f3 Rehak!"},"content":{"rendered":"<p>La jornada de entrenamiento de este viernes dej\u00f3 una gran noticia. <strong>Gonzalo Rehak recibi\u00f3 el alta m\u00e9dica tras 8 meses de inactividad<\/strong> por su operaci\u00f3n en el hombro.<\/p>\n<p>El arquero del Rojo ahora buscar\u00e1 ponerse a la par de sus compa\u00f1eros para competir por un lugar y <strong>ser una opci\u00f3n mas en la consideraci\u00f3n de Ariel Holan<\/strong>.<\/p>\n<blockquote class=\"twitter-tweet\" data-lang=\"es\">\n<p dir=\"ltr\" lang=\"es\">\u00a1Ahora s\u00ed, Gonza!<\/p>\n<p>Gonzalo Rehak recibi\u00f3 el alta m\u00e9dica para competir en alto rendimiento.<\/p>\n<p>El arquero finaliz\u00f3 el proceso de rehabilitaci\u00f3n de su intervenci\u00f3n quir\u00fargica y est\u00e1 a disposici\u00f3n para competir.<a href=\"https:\/\/twitter.com\/hashtag\/TodoRojo?src=hash&amp;ref_src=twsrc%5Etfw\">#TodoRojo<\/a>&#x1f534; <a href=\"https:\/\/t.co\/CttOXztL4a\">pic.twitter.com\/CttOXztL4a<\/a><\/p>\n<p>\u2014 C. A. Independiente (@Independiente) <a href=\"https:\/\/twitter.com\/Independiente\/status\/1106605559111925761?ref_src=twsrc%5Etfw\">15 de marzo de 2019<\/a><\/p><\/blockquote>\n<p><script async src=\"https:\/\/platform.twitter.com\/widgets.js\" charset=\"utf-8\"><\/script><\/p>\n<p>\u00a1Buen regreso!<\/p>\n","protected":false},"excerpt":{"rendered":"<p>La jornada de entrenamiento de este viernes dej\u00f3 una gran noticia. Gonzalo Rehak recibi\u00f3 el alta m\u00e9dica tras 8 meses de inactividad por su operaci\u00f3n en el hombro. El arquero del Rojo ahora buscar\u00e1 ponerse a la par de sus compa\u00f1eros para competir por un lugar y ser una opci\u00f3n mas en la consideraci\u00f3n de [&hellip;]<\/p>\n","protected":false},"author":101017,"featured_media":82322,"comment_status":"open","ping_status":"closed","sticky":false,"template":"","format":"standard","meta":{"_links_to":"","_links_to_target":""},"categories":[3247,3],"tags":[2873],"_links":{"self":[{"href":"https:\/\/www.locoxelrojo.com\/independiente\/wp-json\/wp\/v2\/posts\/82321"}],"collection":[{"href":"https:\/\/www.locoxelrojo.com\/independiente\/wp-json\/wp\/v2\/posts"}],"about":[{"href":"https:\/\/www.locoxelrojo.com\/independiente\/wp-json\/wp\/v2\/types\/post"}],"author":[{"embeddable":true,"href":"https:\/\/www.locoxelrojo.com\/independiente\/wp-json\/wp\/v2\/users\/101017"}],"replies":[{"embeddable":true,"href":"https:\/\/www.locoxelrojo.com\/independiente\/wp-json\/wp\/v2\/comments?post=82321"}],"version-history":[{"count":0,"href":"https:\/\/www.locoxelrojo.com\/independiente\/wp-json\/wp\/v2\/posts\/82321\/revisions"}],"wp:featuredmedia":[{"embeddable":true,"href":"https:\/\/www.locoxelrojo.com\/independiente\/wp-json\/wp\/v2\/media\/82322"}],"wp:attachment":[{"href":"https:\/\/www.locoxelrojo.com\/independiente\/wp-json\/wp\/v2\/media?parent=82321"}],"wp:term":[{"taxonomy":"category","embeddable":true,"href":"https:\/\/www.locoxelrojo.com\/independiente\/wp-json\/wp\/v2\/categories?post=82321"},{"taxonomy":"post_tag","embeddable":true,"href":"https:\/\/www.locoxelrojo.com\/independiente\/wp-json\/wp\/v2\/tags?post=82321"}],"curies":[{"name":"wp","href":"https:\/\/api.w.org\/{rel}","templated":true}]}}