{"id":82323,"date":"2019-03-16T11:40:11","date_gmt":"2019-03-16T14:40:11","guid":{"rendered":"http:\/\/www.locoxelrojo.com\/independiente\/?p=82323"},"modified":"2019-03-17T03:47:33","modified_gmt":"2019-03-17T06:47:33","slug":"la-cuarta-independiente-debuto-con-victoria","status":"publish","type":"post","link":"https:\/\/www.locoxelrojo.com\/independiente\/2019\/03\/16\/la-cuarta-independiente-debuto-con-victoria\/","title":{"rendered":"La Cuarta debut\u00f3 con una victoria"},"content":{"rendered":"<p>En el inicio de la jornada de Inferiores, <strong>la Cuarta de Independiente super\u00f3 3-0 a Patronato como local<\/strong> en el encuentro correspondiente a la primera fecha del Grupo B. <strong>Lautaro Gauna anot\u00f3 dos goles y Federico Zella el restante<\/strong>.<\/p>\n<p><strong>Los pibes del Rojo se pusieron r\u00e1pidamente en ventaja<\/strong>. Le sacaron provecho a dos ataques antes de los 15 minutos y en un abrir y cerrar de ojos ya estaban arriba en el marcador por dos tantos gracias al doblete de Gauna.<\/p>\n<p>A partir de ah\u00ed, los dirigidos por <strong>Cristian G\u00f3mez<\/strong> no pasaron grandes sobresaltos. <strong>El ritmo fren\u00e9tico de los primeros minutos disminuy\u00f3 con el correr del partido y las llegadas comenzaron a mermar<\/strong>. El local pudo ampliar la ventaja pero no supo traducirlo en el marcador.<\/p>\n<p>Los segundos 45 minutos siguieron con la misma t\u00f3nica aunque Patronato, obligado por la desventaja en el marcador, cont\u00f3 con las chances m\u00e1s claras. Un disparo al travesa\u00f1o y un pu\u00f1ado de intervenciones claves de <strong>Mateo Marinovich<\/strong>, arquero del Rey de Copas, sostuvieron el arco en cero. <strong>Sobre el final, Zella puso cifras definitivas en su estreno con la camiseta del Rojo<\/strong>.<\/p>\n<p>As\u00ed fue la presentaci\u00f3n oficial de la Cuarta, <strong>con tres puntos importantes y pasajes de buen f\u00fatbol<\/strong> que le permitir\u00e1n trabajar con tranquilidad para la semana que viene cuando visite a San Mart\u00edn de San Juan.<\/p>\n","protected":false},"excerpt":{"rendered":"<p>En el inicio de la jornada de Inferiores, la Cuarta de Independiente super\u00f3 3-0 a Patronato como local en el encuentro correspondiente a la primera fecha del Grupo B. Lautaro Gauna anot\u00f3 dos goles y Federico Zella el restante. Los pibes del Rojo se pusieron r\u00e1pidamente en ventaja. Le sacaron provecho a dos ataques antes [&hellip;]<\/p>\n","protected":false},"author":19,"featured_media":82324,"comment_status":"open","ping_status":"closed","sticky":false,"template":"","format":"standard","meta":{"_links_to":"","_links_to_target":""},"categories":[3247,5],"tags":[4146,3631,4145,4147],"_links":{"self":[{"href":"https:\/\/www.locoxelrojo.com\/independiente\/wp-json\/wp\/v2\/posts\/82323"}],"collection":[{"href":"https:\/\/www.locoxelrojo.com\/independiente\/wp-json\/wp\/v2\/posts"}],"about":[{"href":"https:\/\/www.locoxelrojo.com\/independiente\/wp-json\/wp\/v2\/types\/post"}],"author":[{"embeddable":true,"href":"https:\/\/www.locoxelrojo.com\/independiente\/wp-json\/wp\/v2\/users\/19"}],"replies":[{"embeddable":true,"href":"https:\/\/www.locoxelrojo.com\/independiente\/wp-json\/wp\/v2\/comments?post=82323"}],"version-history":[{"count":1,"href":"https:\/\/www.locoxelrojo.com\/independiente\/wp-json\/wp\/v2\/posts\/82323\/revisions"}],"predecessor-version":[{"id":82329,"href":"https:\/\/www.locoxelrojo.com\/independiente\/wp-json\/wp\/v2\/posts\/82323\/revisions\/82329"}],"wp:featuredmedia":[{"embeddable":true,"href":"https:\/\/www.locoxelrojo.com\/independiente\/wp-json\/wp\/v2\/media\/82324"}],"wp:attachment":[{"href":"https:\/\/www.locoxelrojo.com\/independiente\/wp-json\/wp\/v2\/media?parent=82323"}],"wp:term":[{"taxonomy":"category","embeddable":true,"href":"https:\/\/www.locoxelrojo.com\/independiente\/wp-json\/wp\/v2\/categories?post=82323"},{"taxonomy":"post_tag","embeddable":true,"href":"https:\/\/www.locoxelrojo.com\/independiente\/wp-json\/wp\/v2\/tags?post=82323"}],"curies":[{"name":"wp","href":"https:\/\/api.w.org\/{rel}","templated":true}]}}