{"id":82330,"date":"2019-03-16T15:15:08","date_gmt":"2019-03-16T18:15:08","guid":{"rendered":"http:\/\/www.locoxelrojo.com\/independiente\/?p=82330"},"modified":"2019-03-17T03:49:50","modified_gmt":"2019-03-17T06:49:50","slug":"concentrados-independiente-river-vuelve-bustos-salen-dos","status":"publish","type":"post","link":"https:\/\/www.locoxelrojo.com\/independiente\/2019\/03\/16\/concentrados-independiente-river-vuelve-bustos-salen-dos\/","title":{"rendered":"Concentrados vs. River: vuelve Bustos y salen dos"},"content":{"rendered":"<p><strong>Ariel Holan confirm\u00f3 la lista de concentrados para visitar a River. Guard\u00f3 a 19 jugadores, por lo que s\u00f3lo uno quedar\u00e1 afuera del banco de suplentes.<\/strong><\/p>\n<p>La principal novedad en la n\u00f3mina es <strong>la vuelta de Fabricio Bustos<\/strong> tras cumplir una fecha de suspensi\u00f3n. Hab\u00eda llegado a las cinco amarillas en La Plata ante Gimnasia.<\/p>\n<p>Por su parte, <strong>no fue convocado Ezequiel Cerutti<\/strong>, quien<a href=\"https:\/\/www.locoxelrojo.com\/independiente\/2019\/03\/15\/uno-mas-a-la-enfermeria\/\"> se hab\u00eda entrenado diferenciado el viernes<\/a> y finalmente no pudo dejar atr\u00e1s una sobrecarga muscular. Adem\u00e1s, esta vez<strong> no concentrar\u00e1 el juvenil Emanuel Mercado<\/strong>.<\/p>\n<h3>Los 19 citados vs. River<\/h3>\n<p><span style=\"text-decoration: underline;\"><strong>Arqueros:<\/strong><\/span> Mart\u00edn Campa\u00f1a y Milton \u00c1lvarez.<\/p>\n<p><span style=\"text-decoration: underline;\"><strong>Defensores:<\/strong><\/span> Alan Franco, Guillermo Burdisso, Nicol\u00e1s Figal, Juan S\u00e1nchez Mi\u00f1o, Fabricio Bustos, Gast\u00f3n Silva y Emanuel Br\u00edtez.<\/p>\n<p><span style=\"text-decoration: underline;\"><strong>Mediocampistas:<\/strong><\/span> Nicol\u00e1s Domingo, Pablo P\u00e9rez, Fernando Gaibor, Pablo Hern\u00e1ndez y Francisco Silva.<\/p>\n<p><span style=\"text-decoration: underline;\"><strong>Delanteros:<\/strong><\/span> Mart\u00edn Ben\u00edtez, Cecilio Dom\u00ednguez, Jonathan Men\u00e9ndez, Silvio Romero, Ezequiel Cerutti, Francisco Pizzini y Emanuel Mercado.<\/p>\n<p>vuelve bustos, salen cerutti y mercado<\/p>\n","protected":false},"excerpt":{"rendered":"<p>Ariel Holan confirm\u00f3 la lista de concentrados para visitar a River. Guard\u00f3 a 19 jugadores, por lo que s\u00f3lo uno quedar\u00e1 afuera del banco de suplentes. La principal novedad en la n\u00f3mina es la vuelta de Fabricio Bustos tras cumplir una fecha de suspensi\u00f3n. Hab\u00eda llegado a las cinco amarillas en La Plata ante Gimnasia. [&hellip;]<\/p>\n","protected":false},"author":8,"featured_media":81454,"comment_status":"open","ping_status":"closed","sticky":false,"template":"","format":"standard","meta":{"_links_to":"","_links_to_target":""},"categories":[3247,3],"tags":[2024,4133,2790,1027],"_links":{"self":[{"href":"https:\/\/www.locoxelrojo.com\/independiente\/wp-json\/wp\/v2\/posts\/82330"}],"collection":[{"href":"https:\/\/www.locoxelrojo.com\/independiente\/wp-json\/wp\/v2\/posts"}],"about":[{"href":"https:\/\/www.locoxelrojo.com\/independiente\/wp-json\/wp\/v2\/types\/post"}],"author":[{"embeddable":true,"href":"https:\/\/www.locoxelrojo.com\/independiente\/wp-json\/wp\/v2\/users\/8"}],"replies":[{"embeddable":true,"href":"https:\/\/www.locoxelrojo.com\/independiente\/wp-json\/wp\/v2\/comments?post=82330"}],"version-history":[{"count":0,"href":"https:\/\/www.locoxelrojo.com\/independiente\/wp-json\/wp\/v2\/posts\/82330\/revisions"}],"wp:featuredmedia":[{"embeddable":true,"href":"https:\/\/www.locoxelrojo.com\/independiente\/wp-json\/wp\/v2\/media\/81454"}],"wp:attachment":[{"href":"https:\/\/www.locoxelrojo.com\/independiente\/wp-json\/wp\/v2\/media?parent=82330"}],"wp:term":[{"taxonomy":"category","embeddable":true,"href":"https:\/\/www.locoxelrojo.com\/independiente\/wp-json\/wp\/v2\/categories?post=82330"},{"taxonomy":"post_tag","embeddable":true,"href":"https:\/\/www.locoxelrojo.com\/independiente\/wp-json\/wp\/v2\/tags?post=82330"}],"curies":[{"name":"wp","href":"https:\/\/api.w.org\/{rel}","templated":true}]}}