{"id":82399,"date":"2019-03-21T15:44:07","date_gmt":"2019-03-21T18:44:07","guid":{"rendered":"http:\/\/www.locoxelrojo.com\/independiente\/?p=82399"},"modified":"2019-03-21T21:51:05","modified_gmt":"2019-03-22T00:51:05","slug":"silvio-romero-no-me-acuerdo-la-ultima-vez-que-me-erre-un-gol","status":"publish","type":"post","link":"https:\/\/www.locoxelrojo.com\/independiente\/2019\/03\/21\/silvio-romero-no-me-acuerdo-la-ultima-vez-que-me-erre-un-gol\/","title":{"rendered":"Romero: \u201cNo me acuerdo la \u00faltima vez que me err\u00e9 un gol\u201d"},"content":{"rendered":"<p>El centrodelantero del Rojo dialog\u00f3 en Radio La Red y enfrent\u00f3 a las cr\u00edticas sobre su estado f\u00edsico y su bajo rendimiento futbol\u00edstico del \u00faltimo tiempo.<\/p>\n<p><strong>&#8220;Reconozco que no estoy en el nivel que quiero y s\u00e9 que puedo estar mejor&#8221;<\/strong>, comenz\u00f3 diciendo Silvio, quien continu\u00f3 con una frase fuerte tras la derrota ante River: <strong>&#8220;Es una imagen fuerte salir en el entretiempo o no generar situaciones, yo no me acuerdo cuando fue la \u00faltima vez que me err\u00e9 un gol&#8221;<\/strong>.<\/p>\n<p>Sobre los comentarios negativos que recibe, el Chino declar\u00f3: <strong>&#8220;Se me ve m\u00e1s lento porque hace un mes que no entreno bien. Que se diga que estoy cinco o seis kilos arriba, que como chocolates por las noches y no me baja la camiseta es una falta de respeto y tiene cierto grado de maldad&#8221;<\/strong>.<\/p>\n<p>Con respecto a esta situaci\u00f3n, el ex Lan\u00fas confes\u00f3: <strong>&#8220;Hay una responsabilidad m\u00eda primero y despu\u00e9s del entrenador. Yo salgo a la cancha infiltrado en todos los partidos que jugu\u00e9 y puedo quedar m\u00e1s o menos expuesto. Puedo y debo estar mejor porque represento una camiseta de las m\u00e1s importantes&#8221;<\/strong>.<\/p>\n<p>Al terminar, Romero decret\u00f3: <strong>&#8220;El club hizo una grand\u00edsima inversi\u00f3n en m\u00ed. Estamos teniendo un baj\u00f3n como equipo y yo peor. No tengo situaciones de gol. Me siento c\u00f3modo jugando de 9 o con otro 9. Reci\u00e9n ahora llevo dos semanas de entrenamiento a la par del grupo&#8221;<\/strong>.<\/p>\n","protected":false},"excerpt":{"rendered":"<p>El centrodelantero del Rojo dialog\u00f3 en Radio La Red y enfrent\u00f3 a las cr\u00edticas sobre su estado f\u00edsico y su bajo rendimiento futbol\u00edstico del \u00faltimo tiempo. &#8220;Reconozco que no estoy en el nivel que quiero y s\u00e9 que puedo estar mejor&#8221;, comenz\u00f3 diciendo Silvio, quien continu\u00f3 con una frase fuerte tras la derrota ante River: [&hellip;]<\/p>\n","protected":false},"author":101017,"featured_media":81488,"comment_status":"open","ping_status":"closed","sticky":false,"template":"","format":"standard","meta":{"_links_to":"","_links_to_target":""},"categories":[3247,3],"tags":[153,1806],"_links":{"self":[{"href":"https:\/\/www.locoxelrojo.com\/independiente\/wp-json\/wp\/v2\/posts\/82399"}],"collection":[{"href":"https:\/\/www.locoxelrojo.com\/independiente\/wp-json\/wp\/v2\/posts"}],"about":[{"href":"https:\/\/www.locoxelrojo.com\/independiente\/wp-json\/wp\/v2\/types\/post"}],"author":[{"embeddable":true,"href":"https:\/\/www.locoxelrojo.com\/independiente\/wp-json\/wp\/v2\/users\/101017"}],"replies":[{"embeddable":true,"href":"https:\/\/www.locoxelrojo.com\/independiente\/wp-json\/wp\/v2\/comments?post=82399"}],"version-history":[{"count":0,"href":"https:\/\/www.locoxelrojo.com\/independiente\/wp-json\/wp\/v2\/posts\/82399\/revisions"}],"wp:featuredmedia":[{"embeddable":true,"href":"https:\/\/www.locoxelrojo.com\/independiente\/wp-json\/wp\/v2\/media\/81488"}],"wp:attachment":[{"href":"https:\/\/www.locoxelrojo.com\/independiente\/wp-json\/wp\/v2\/media?parent=82399"}],"wp:term":[{"taxonomy":"category","embeddable":true,"href":"https:\/\/www.locoxelrojo.com\/independiente\/wp-json\/wp\/v2\/categories?post=82399"},{"taxonomy":"post_tag","embeddable":true,"href":"https:\/\/www.locoxelrojo.com\/independiente\/wp-json\/wp\/v2\/tags?post=82399"}],"curies":[{"name":"wp","href":"https:\/\/api.w.org\/{rel}","templated":true}]}}