{"id":82400,"date":"2019-03-21T16:12:53","date_gmt":"2019-03-21T19:12:53","guid":{"rendered":"http:\/\/www.locoxelrojo.com\/independiente\/?p=82400"},"modified":"2019-03-21T21:51:18","modified_gmt":"2019-03-22T00:51:18","slug":"el-capitan-campana-respaldo-al-chino-romero","status":"publish","type":"post","link":"https:\/\/www.locoxelrojo.com\/independiente\/2019\/03\/21\/el-capitan-campana-respaldo-al-chino-romero\/","title":{"rendered":"El capit\u00e1n respald\u00f3 al Chino Romero"},"content":{"rendered":"<p><a href=\"https:\/\/www.locoxelrojo.com\/independiente\/2019\/03\/21\/romero-no-me-acuerdo-la-ultima-vez-que-me-erre-un-gol\/\">Luego de las declaraciones de Silvio Romero sobre las cr\u00edticas que recibe<\/a>, <strong>Mart\u00edn Campa\u00f1a intervino en el asunto y subi\u00f3 en sus redes sociales un mensaje en solidaridad con el delantero<\/strong>.<\/p>\n<p>Gran gesto del uruguayo que se encuentra en China con su Selecci\u00f3n. <strong>Campa\u00f1a adjudic\u00f3 la responsabilidad del momento futbol\u00edstico de Independiente al equipo en general y no exclusivamente al Chino<\/strong>. Adem\u00e1s, dio un mensaje de aliento para afrontar lo que viene.<\/p>\n<blockquote class=\"instagram-media\" style=\"background: #FFF; border: 0; border-radius: 3px; box-shadow: 0 0 1px 0 rgba(0,0,0,0.5),0 1px 10px 0 rgba(0,0,0,0.15); margin: 1px; max-width: 540px; min-width: 326px; padding: 0; width: calc(100% - 2px);\" data-instgrm-captioned=\"\" data-instgrm-permalink=\"https:\/\/www.instagram.com\/p\/BvR5pO9Ho41\/?utm_source=ig_embed&amp;utm_medium=loading\" data-instgrm-version=\"12\">\n<div style=\"padding: 16px;\">\n<p>&nbsp;<\/p>\n<div style=\"display: flex; flex-direction: row; align-items: center;\">\n<div style=\"background-color: #f4f4f4; border-radius: 50%; flex-grow: 0; height: 40px; margin-right: 14px; width: 40px;\"><\/div>\n<div style=\"display: flex; flex-direction: column; flex-grow: 1; justify-content: center;\">\n<div style=\"background-color: #f4f4f4; border-radius: 4px; flex-grow: 0; height: 14px; margin-bottom: 6px; width: 100px;\"><\/div>\n<div style=\"background-color: #f4f4f4; border-radius: 4px; flex-grow: 0; height: 14px; width: 60px;\"><\/div>\n<\/div>\n<\/div>\n<div style=\"padding: 19% 0;\"><\/div>\n<div style=\"display: block; height: 50px; margin: 0 auto 12px; width: 50px;\"><\/div>\n<div style=\"padding-top: 8px;\">\n<div style=\"color: #3897f0; font-family: Arial,sans-serif; font-size: 14px; font-style: normal; font-weight: 550; line-height: 18px;\">Ver esta publicaci\u00f3n en Instagram<\/div>\n<\/div>\n<div style=\"padding: 12.5% 0;\"><\/div>\n<div style=\"display: flex; flex-direction: row; margin-bottom: 14px; align-items: center;\">\n<div>\n<div style=\"background-color: #f4f4f4; border-radius: 50%; height: 12.5px; width: 12.5px; transform: translateX(0px) translateY(7px);\"><\/div>\n<div style=\"background-color: #f4f4f4; height: 12.5px; transform: rotate(-45deg) translateX(3px) translateY(1px); width: 12.5px; flex-grow: 0; margin-right: 14px; margin-left: 2px;\"><\/div>\n<div style=\"background-color: #f4f4f4; border-radius: 50%; height: 12.5px; width: 12.5px; transform: translateX(9px) translateY(-18px);\"><\/div>\n<\/div>\n<div style=\"margin-left: 8px;\">\n<div style=\"background-color: #f4f4f4; border-radius: 50%; flex-grow: 0; height: 20px; width: 20px;\"><\/div>\n<div style=\"width: 0; height: 0; border-top: 2px solid transparent; border-left: 6px solid #f4f4f4; border-bottom: 2px solid transparent; transform: translateX(16px) translateY(-4px) rotate(30deg);\"><\/div>\n<\/div>\n<div style=\"margin-left: auto;\">\n<div style=\"width: 0px; border-top: 8px solid #F4F4F4; border-right: 8px solid transparent; transform: translateY(16px);\"><\/div>\n<div style=\"background-color: #f4f4f4; flex-grow: 0; height: 12px; width: 16px; transform: translateY(-4px);\"><\/div>\n<div style=\"width: 0; height: 0; border-top: 8px solid #F4F4F4; border-left: 8px solid transparent; transform: translateY(-4px) translateX(8px);\"><\/div>\n<\/div>\n<\/div>\n<p>&nbsp;<\/p>\n<p style=\"margin: 8px 0 0 0; padding: 0 4px;\"><a style=\"color: #000; font-family: Arial,sans-serif; font-size: 14px; font-style: normal; font-weight: normal; line-height: 17px; text-decoration: none; word-wrap: break-word;\" href=\"https:\/\/www.instagram.com\/p\/BvR5pO9Ho41\/?utm_source=ig_embed&amp;utm_medium=loading\" target=\"_blank\" rel=\"noopener\">@silvioromerook esto es responsabilidad del equipo, no tuya solo. Mas fuerte que nunca, para afrontar lo que viene . &#x1f4aa;&#x1f534; #todosjuntos #todorojo<\/a><\/p>\n<p style=\"color: #c9c8cd; font-family: Arial,sans-serif; font-size: 14px; line-height: 17px; margin-bottom: 0; margin-top: 8px; overflow: hidden; padding: 8px 0 7px; text-align: center; text-overflow: ellipsis; white-space: nowrap;\">Una publicaci\u00f3n compartida por <a style=\"color: #c9c8cd; font-family: Arial,sans-serif; font-size: 14px; font-style: normal; font-weight: normal; line-height: 17px;\" href=\"https:\/\/www.instagram.com\/mcampi25\/?utm_source=ig_embed&amp;utm_medium=loading\" target=\"_blank\" rel=\"noopener\"> Martin Campa\u00f1a<\/a> (@mcampi25) el <time style=\"font-family: Arial,sans-serif; font-size: 14px; line-height: 17px;\" datetime=\"2019-03-21T18:02:34+00:00\">21 de Mar de 2019 a las 11:02 PDT<\/time><\/p>\n<\/div>\n<\/blockquote>\n<p><script async src=\"\/\/www.instagram.com\/embed.js\"><\/script><\/p>\n<p>Y luego del mensaje, <strong>Silvio le contest\u00f3 y le agradeci\u00f3 al capit\u00e1n<\/strong> dejando en claro que hay un buen ambiente entre compa\u00f1eros, con ganas de sacar los resultados adelante.<\/p>\n<p><a href=\"https:\/\/www.locoxelrojo.com\/independiente\/wp-content\/uploads\/2019\/03\/contesto-campa\u00f1a.jpg\"><img loading=\"lazy\" class=\"aligncenter size-full wp-image-82402\" src=\"https:\/\/www.locoxelrojo.com\/independiente\/wp-content\/uploads\/2019\/03\/contesto-campa\u00f1a.jpg\" alt=\"\" width=\"736\" height=\"1012\" srcset=\"https:\/\/locoxelrojo.com\/independiente\/wp-content\/uploads\/2019\/03\/contesto-campa\u00f1a.jpg 736w, https:\/\/locoxelrojo.com\/independiente\/wp-content\/uploads\/2019\/03\/contesto-campa\u00f1a-218x300.jpg 218w, https:\/\/locoxelrojo.com\/independiente\/wp-content\/uploads\/2019\/03\/contesto-campa\u00f1a-696x957.jpg 696w, https:\/\/locoxelrojo.com\/independiente\/wp-content\/uploads\/2019\/03\/contesto-campa\u00f1a-305x420.jpg 305w, https:\/\/locoxelrojo.com\/independiente\/wp-content\/uploads\/2019\/03\/contesto-campa\u00f1a-93x128.jpg 93w, https:\/\/locoxelrojo.com\/independiente\/wp-content\/uploads\/2019\/03\/contesto-campa\u00f1a-23x32.jpg 23w\" sizes=\"(max-width: 736px) 100vw, 736px\" \/><\/a><\/p>\n","protected":false},"excerpt":{"rendered":"<p>Luego de las declaraciones de Silvio Romero sobre las cr\u00edticas que recibe, Mart\u00edn Campa\u00f1a intervino en el asunto y subi\u00f3 en sus redes sociales un mensaje en solidaridad con el delantero. Gran gesto del uruguayo que se encuentra en China con su Selecci\u00f3n. Campa\u00f1a adjudic\u00f3 la responsabilidad del momento futbol\u00edstico de Independiente al equipo en [&hellip;]<\/p>\n","protected":false},"author":101017,"featured_media":82403,"comment_status":"open","ping_status":"closed","sticky":false,"template":"","format":"standard","meta":{"_links_to":"","_links_to_target":""},"categories":[3247,3363],"tags":[3440,3126,3452,1806],"_links":{"self":[{"href":"https:\/\/www.locoxelrojo.com\/independiente\/wp-json\/wp\/v2\/posts\/82400"}],"collection":[{"href":"https:\/\/www.locoxelrojo.com\/independiente\/wp-json\/wp\/v2\/posts"}],"about":[{"href":"https:\/\/www.locoxelrojo.com\/independiente\/wp-json\/wp\/v2\/types\/post"}],"author":[{"embeddable":true,"href":"https:\/\/www.locoxelrojo.com\/independiente\/wp-json\/wp\/v2\/users\/101017"}],"replies":[{"embeddable":true,"href":"https:\/\/www.locoxelrojo.com\/independiente\/wp-json\/wp\/v2\/comments?post=82400"}],"version-history":[{"count":0,"href":"https:\/\/www.locoxelrojo.com\/independiente\/wp-json\/wp\/v2\/posts\/82400\/revisions"}],"wp:featuredmedia":[{"embeddable":true,"href":"https:\/\/www.locoxelrojo.com\/independiente\/wp-json\/wp\/v2\/media\/82403"}],"wp:attachment":[{"href":"https:\/\/www.locoxelrojo.com\/independiente\/wp-json\/wp\/v2\/media?parent=82400"}],"wp:term":[{"taxonomy":"category","embeddable":true,"href":"https:\/\/www.locoxelrojo.com\/independiente\/wp-json\/wp\/v2\/categories?post=82400"},{"taxonomy":"post_tag","embeddable":true,"href":"https:\/\/www.locoxelrojo.com\/independiente\/wp-json\/wp\/v2\/tags?post=82400"}],"curies":[{"name":"wp","href":"https:\/\/api.w.org\/{rel}","templated":true}]}}