{"id":82404,"date":"2019-03-21T20:50:57","date_gmt":"2019-03-21T23:50:57","guid":{"rendered":"http:\/\/www.locoxelrojo.com\/independiente\/?p=82404"},"modified":"2019-03-21T21:51:27","modified_gmt":"2019-03-22T00:51:27","slug":"uno-mas-a-disposicion-veron","status":"publish","type":"post","link":"https:\/\/www.locoxelrojo.com\/independiente\/2019\/03\/21\/uno-mas-a-disposicion-veron\/","title":{"rendered":"Uno m\u00e1s a disposici\u00f3n"},"content":{"rendered":"<p><strong>El plantel de Independiente contin\u00faa con los trabajos en Villa Dom\u00ednico y Ariel Holan tuvo otra buena noticia con la recuperaci\u00f3n de Gonzalo Ver\u00f3n.<\/strong><\/p>\n<p>El Rojo aprovecha el parate por fecha FIFA para ajustar detalles y rehabilitar lesionados. Este jueves <strong>practicaron rutas de pase, movimientos t\u00e1cticos y definici\u00f3n<\/strong>, el gran d\u00e9ficit del equipo.<\/p>\n<blockquote class=\"twitter-tweet\" data-lang=\"es\">\n<p dir=\"ltr\" lang=\"es\"><a href=\"https:\/\/twitter.com\/hashtag\/Independiente?src=hash&amp;ref_src=twsrc%5Etfw\">#Independiente<\/a> contin\u00faa la rutina de entrenamientos &#x26bd;&#xfe0f;<\/p>\n<p>&#x1f3a5; \u00a1Mir\u00e1 el compacto de la pr\u00e1ctica en Villa Dom\u00ednico!<a href=\"https:\/\/twitter.com\/hashtag\/TodosJuntos?src=hash&amp;ref_src=twsrc%5Etfw\">#TodosJuntos<\/a>\u2060 <a href=\"https:\/\/twitter.com\/hashtag\/TodoRojo?src=hash&amp;ref_src=twsrc%5Etfw\">#TodoRojo<\/a>&#x1f534; <a href=\"https:\/\/t.co\/G3VmQoczx0\">pic.twitter.com\/G3VmQoczx0<\/a><\/p>\n<p>\u2014 C. A. Independiente (@Independiente) <a href=\"https:\/\/twitter.com\/Independiente\/status\/1108865077602594817?ref_src=twsrc%5Etfw\">21 de marzo de 2019<\/a><\/p><\/blockquote>\n<p><script async src=\"https:\/\/platform.twitter.com\/widgets.js\" charset=\"utf-8\"><\/script><\/p>\n<p>Tras <a href=\"https:\/\/www.locoxelrojo.com\/independiente\/2019\/03\/20\/recupero-a-uno\/\">la recuperaci\u00f3n de Mauro Molina<\/a> el mi\u00e9rcoles, hoy se sum\u00f3 un soldado m\u00e1s.<strong> Ver\u00f3n intensific\u00f3 los trabajos f\u00edsicos junto al juvenil, pudo volver a entrenarse a la par de sus compa\u00f1eros y ambos ya est\u00e1n a disposici\u00f3n<\/strong> para enfrentar a V\u00e9lez la semana pr\u00f3xima.<\/p>\n<p>Quienes todav\u00eda <strong>trabajan al margen son Ezequiel Cerutti y Guillermo Burdisso<\/strong>, quienes se recuperan de una sobrecarga muscular y un desgarro respectivamente.<\/p>\n<p>&nbsp;<\/p>\n","protected":false},"excerpt":{"rendered":"<p>El plantel de Independiente contin\u00faa con los trabajos en Villa Dom\u00ednico y Ariel Holan tuvo otra buena noticia con la recuperaci\u00f3n de Gonzalo Ver\u00f3n. El Rojo aprovecha el parate por fecha FIFA para ajustar detalles y rehabilitar lesionados. Este jueves practicaron rutas de pase, movimientos t\u00e1cticos y definici\u00f3n, el gran d\u00e9ficit del equipo. #Independiente contin\u00faa [&hellip;]<\/p>\n","protected":false},"author":8,"featured_media":82137,"comment_status":"open","ping_status":"closed","sticky":false,"template":"","format":"standard","meta":{"_links_to":"","_links_to_target":""},"categories":[3247,3],"tags":[26,3757,3659,172],"_links":{"self":[{"href":"https:\/\/www.locoxelrojo.com\/independiente\/wp-json\/wp\/v2\/posts\/82404"}],"collection":[{"href":"https:\/\/www.locoxelrojo.com\/independiente\/wp-json\/wp\/v2\/posts"}],"about":[{"href":"https:\/\/www.locoxelrojo.com\/independiente\/wp-json\/wp\/v2\/types\/post"}],"author":[{"embeddable":true,"href":"https:\/\/www.locoxelrojo.com\/independiente\/wp-json\/wp\/v2\/users\/8"}],"replies":[{"embeddable":true,"href":"https:\/\/www.locoxelrojo.com\/independiente\/wp-json\/wp\/v2\/comments?post=82404"}],"version-history":[{"count":0,"href":"https:\/\/www.locoxelrojo.com\/independiente\/wp-json\/wp\/v2\/posts\/82404\/revisions"}],"wp:featuredmedia":[{"embeddable":true,"href":"https:\/\/www.locoxelrojo.com\/independiente\/wp-json\/wp\/v2\/media\/82137"}],"wp:attachment":[{"href":"https:\/\/www.locoxelrojo.com\/independiente\/wp-json\/wp\/v2\/media?parent=82404"}],"wp:term":[{"taxonomy":"category","embeddable":true,"href":"https:\/\/www.locoxelrojo.com\/independiente\/wp-json\/wp\/v2\/categories?post=82404"},{"taxonomy":"post_tag","embeddable":true,"href":"https:\/\/www.locoxelrojo.com\/independiente\/wp-json\/wp\/v2\/tags?post=82404"}],"curies":[{"name":"wp","href":"https:\/\/api.w.org\/{rel}","templated":true}]}}