{"id":82439,"date":"2019-03-24T17:29:38","date_gmt":"2019-03-24T20:29:38","guid":{"rendered":"http:\/\/www.locoxelrojo.com\/independiente\/?p=82439"},"modified":"2019-03-25T09:27:07","modified_gmt":"2019-03-25T12:27:07","slug":"santa-cruz-emocion-tras-gol-septima-mi-sueno-convertir-con-esta-camiseta","status":"publish","type":"post","link":"https:\/\/www.locoxelrojo.com\/independiente\/2019\/03\/24\/santa-cruz-emocion-tras-gol-septima-mi-sueno-convertir-con-esta-camiseta\/","title":{"rendered":"Santa Cruz y su emoci\u00f3n tras su gol en la S\u00e9ptima: \u201cMi sue\u00f1o era convertir con esta camiseta\u201d"},"content":{"rendered":"<p><strong>Maximiliano Santa Cruz<\/strong>, <a href=\"https:\/\/www.locoxelrojo.com\/independiente\/2019\/03\/23\/goleada-de-la-septima-division\/\">autor de uno de los tantos en la victoria 3-0 de la S\u00e9ptima de Independiente ante San Mart\u00edn de San Juan<\/a>, dialog\u00f3 en exclusiva con <strong>LocoXelRojo<\/strong> y se mostr\u00f3 muy emocionado tras haber convertido su primer gol en el club.<\/p>\n<p><iframe loading=\"lazy\" src=\"https:\/\/www.youtube.com\/embed\/TO3N7yImqFA\" width=\"560\" height=\"315\" frameborder=\"0\" allowfullscreen=\"allowfullscreen\"><\/iframe><\/p>\n<p><strong>&#8220;Se lo vio muy bien al equipo, sobre todo el orden que hab\u00edamos trabajado a lo largo de toda la semana. En lo personal, estoy muy contento por hacer mi primer gol con la camiseta de Independiente&#8221;<\/strong>, fueron sus primeras declaraciones.<\/p>\n<p>Con respecto a las l\u00e1grimas en la celebraci\u00f3n de su tanto, Maxi cont\u00f3: <strong>&#8220;Desde que comenc\u00e9 a jugar al f\u00fatbol, mi pap\u00e1 me inculc\u00f3 la locura por Independiente. Pas\u00e9 momentos lindos y malos con el Rojo y mi sue\u00f1o era jugar con esta camiseta, convertir un gol y festejarlo de la manera en la que lo hice&#8221;<\/strong>.<\/p>\n<p>Por \u00faltimo, Santa Cruz comenz\u00f3 a palpitar el partido ante Racing, que tendr\u00e1 lugar el pr\u00f3ximo s\u00e1bado. <strong>&#8220;El cl\u00e1sico es algo especial. Ojal\u00e1 tenga la posibilidad de jugar, que es algo que lo dese\u00e9 siempre y \u00bfpor qu\u00e9 no so\u00f1ar con hacer un gol?&#8221;<\/strong>, concluy\u00f3.<\/p>\n","protected":false},"excerpt":{"rendered":"<p>Maximiliano Santa Cruz, autor de uno de los tantos en la victoria 3-0 de la S\u00e9ptima de Independiente ante San Mart\u00edn de San Juan, dialog\u00f3 en exclusiva con LocoXelRojo y se mostr\u00f3 muy emocionado tras haber convertido su primer gol en el club. &#8220;Se lo vio muy bien al equipo, sobre todo el orden que [&hellip;]<\/p>\n","protected":false},"author":101019,"featured_media":82440,"comment_status":"open","ping_status":"closed","sticky":false,"template":"","format":"standard","meta":{"_links_to":"","_links_to_target":""},"categories":[3261,3247,5],"tags":[3265,3631,4160,4162,305],"_links":{"self":[{"href":"https:\/\/www.locoxelrojo.com\/independiente\/wp-json\/wp\/v2\/posts\/82439"}],"collection":[{"href":"https:\/\/www.locoxelrojo.com\/independiente\/wp-json\/wp\/v2\/posts"}],"about":[{"href":"https:\/\/www.locoxelrojo.com\/independiente\/wp-json\/wp\/v2\/types\/post"}],"author":[{"embeddable":true,"href":"https:\/\/www.locoxelrojo.com\/independiente\/wp-json\/wp\/v2\/users\/101019"}],"replies":[{"embeddable":true,"href":"https:\/\/www.locoxelrojo.com\/independiente\/wp-json\/wp\/v2\/comments?post=82439"}],"version-history":[{"count":1,"href":"https:\/\/www.locoxelrojo.com\/independiente\/wp-json\/wp\/v2\/posts\/82439\/revisions"}],"predecessor-version":[{"id":82441,"href":"https:\/\/www.locoxelrojo.com\/independiente\/wp-json\/wp\/v2\/posts\/82439\/revisions\/82441"}],"wp:featuredmedia":[{"embeddable":true,"href":"https:\/\/www.locoxelrojo.com\/independiente\/wp-json\/wp\/v2\/media\/82440"}],"wp:attachment":[{"href":"https:\/\/www.locoxelrojo.com\/independiente\/wp-json\/wp\/v2\/media?parent=82439"}],"wp:term":[{"taxonomy":"category","embeddable":true,"href":"https:\/\/www.locoxelrojo.com\/independiente\/wp-json\/wp\/v2\/categories?post=82439"},{"taxonomy":"post_tag","embeddable":true,"href":"https:\/\/www.locoxelrojo.com\/independiente\/wp-json\/wp\/v2\/tags?post=82439"}],"curies":[{"name":"wp","href":"https:\/\/api.w.org\/{rel}","templated":true}]}}