{"id":82592,"date":"2019-04-02T16:45:03","date_gmt":"2019-04-02T19:45:03","guid":{"rendered":"http:\/\/www.locoxelrojo.com\/independiente\/?p=82592"},"modified":"2019-04-03T08:56:20","modified_gmt":"2019-04-03T11:56:20","slug":"concentrados-ante-deportivo-binacional-entran-cuatro-y-salen-tres","status":"publish","type":"post","link":"https:\/\/www.locoxelrojo.com\/independiente\/2019\/04\/02\/concentrados-ante-deportivo-binacional-entran-cuatro-y-salen-tres\/","title":{"rendered":"Concentrados vs. Binacional: entran cuatro y salen tres"},"content":{"rendered":"<p>Para el partido de este mi\u00e9rcoles ante Deportivo Binacional, Ariel Holan confirm\u00f3 la lista de convocados. <strong>En total son 21 jugadores por lo que tres de ellos quedar\u00e1n afuera del banco de suplentes<\/strong>.<\/p>\n<p>Luego del triunfo ante V\u00e9lez, el entrenador de Independiente recuper\u00f3 a dos habituales titulares: <strong>Nicol\u00e1s Figal y Nicol\u00e1s Domingo<\/strong>. A ellos se les suman <strong>Francisco Silva<\/strong>, ya recuperado de su lesi\u00f3n muscular, <strong>y Sergio Barreto<\/strong>.<\/p>\n<p>Quienes salieron de la n\u00f3mina respecto del \u00faltimo encuentro por Superliga fueron <strong>Diego Mercado, Jonathan Men\u00e9ndez y Gonzalo Ver\u00f3n<\/strong>.<\/p>\n<h4>Los 21 citados vs. Deportivo Binacional<\/h4>\n<p><span style=\"text-decoration: underline;\"><strong>Arqueros:<\/strong><\/span> Mart\u00edn Campa\u00f1a y Milton \u00c1lvarez.<\/p>\n<p><span style=\"text-decoration: underline;\"><strong>Defensores:<\/strong><\/span> Alan Franco, Nicol\u00e1s Figal, Juan S\u00e1nchez Mi\u00f1o, Gonzalo As\u00eds, Fabricio Bustos, Gast\u00f3n Silva, Emanuel Br\u00edtez y Sergio Barreto.<\/p>\n<p><span style=\"text-decoration: underline;\"><strong>Mediocampistas:<\/strong><\/span>\u00a0Nicol\u00e1s Domingo, Pablo P\u00e9rez, Fernando Gaibor, Pablo Hern\u00e1ndez y Francisco Silva.<\/p>\n<p><span style=\"text-decoration: underline;\"><strong>Delanteros:<\/strong><\/span> Mart\u00edn Ben\u00edtez, Cecilio Dom\u00ednguez, Silvio Romero, Mauro Molina, Ezequiel Cerutti y Francisco Pizzini.<\/p>\n","protected":false},"excerpt":{"rendered":"<p>Para el partido de este mi\u00e9rcoles ante Deportivo Binacional, Ariel Holan confirm\u00f3 la lista de convocados. En total son 21 jugadores por lo que tres de ellos quedar\u00e1n afuera del banco de suplentes. Luego del triunfo ante V\u00e9lez, el entrenador de Independiente recuper\u00f3 a dos habituales titulares: Nicol\u00e1s Figal y Nicol\u00e1s Domingo. A ellos se [&hellip;]<\/p>\n","protected":false},"author":19,"featured_media":82594,"comment_status":"open","ping_status":"closed","sticky":false,"template":"","format":"standard","meta":{"_links_to":"","_links_to_target":""},"categories":[7,3247],"tags":[153,3882,4096,3381,3902,3757,3751,3367,2625,3696],"_links":{"self":[{"href":"https:\/\/www.locoxelrojo.com\/independiente\/wp-json\/wp\/v2\/posts\/82592"}],"collection":[{"href":"https:\/\/www.locoxelrojo.com\/independiente\/wp-json\/wp\/v2\/posts"}],"about":[{"href":"https:\/\/www.locoxelrojo.com\/independiente\/wp-json\/wp\/v2\/types\/post"}],"author":[{"embeddable":true,"href":"https:\/\/www.locoxelrojo.com\/independiente\/wp-json\/wp\/v2\/users\/19"}],"replies":[{"embeddable":true,"href":"https:\/\/www.locoxelrojo.com\/independiente\/wp-json\/wp\/v2\/comments?post=82592"}],"version-history":[{"count":0,"href":"https:\/\/www.locoxelrojo.com\/independiente\/wp-json\/wp\/v2\/posts\/82592\/revisions"}],"wp:featuredmedia":[{"embeddable":true,"href":"https:\/\/www.locoxelrojo.com\/independiente\/wp-json\/wp\/v2\/media\/82594"}],"wp:attachment":[{"href":"https:\/\/www.locoxelrojo.com\/independiente\/wp-json\/wp\/v2\/media?parent=82592"}],"wp:term":[{"taxonomy":"category","embeddable":true,"href":"https:\/\/www.locoxelrojo.com\/independiente\/wp-json\/wp\/v2\/categories?post=82592"},{"taxonomy":"post_tag","embeddable":true,"href":"https:\/\/www.locoxelrojo.com\/independiente\/wp-json\/wp\/v2\/tags?post=82592"}],"curies":[{"name":"wp","href":"https:\/\/api.w.org\/{rel}","templated":true}]}}