{"id":82595,"date":"2019-04-02T17:00:58","date_gmt":"2019-04-02T20:00:58","guid":{"rendered":"http:\/\/www.locoxelrojo.com\/independiente\/?p=82595"},"modified":"2019-04-03T08:56:09","modified_gmt":"2019-04-03T11:56:09","slug":"asi-llega-deportivo-binacional","status":"publish","type":"post","link":"https:\/\/www.locoxelrojo.com\/independiente\/2019\/04\/02\/asi-llega-deportivo-binacional\/","title":{"rendered":"As\u00ed llega Binacional"},"content":{"rendered":"<p><strong>Independiente comenzar\u00e1 su participaci\u00f3n en la Copa Sudamericana 2019 este mi\u00e9rcoles cuando desde las 21:30 reciba en el Libertadores de Am\u00e9rica a Binacional de Per\u00fa.<\/strong> El Rojo buscar\u00e1 comenzar con el pie derecho en el plano internacional en busca del t\u00edtulo 19.<\/p>\n<p><strong>La\u00a0Escuela Municipal Deportivo Binacional\u00a0es un club peruano que se fund\u00f3 tan solo hace 8 a\u00f1os en la ciudad de Desaguadero (Puno), y lleva el nombre de &#8220;Binacional&#8221; debido a que es una zona fronteriza donde comparte territorio con Bolivia.<\/strong> En 2011 debut\u00f3 en la Copa Per\u00fa y en la Liga Superior de Puno. Luego, en 2016 se fusion\u00f3 con la\u00a0Escuela Municipal de Paucarpata y cambi\u00f3 su sede a Arequipa, participando en el campeonato de dicha localidad.<\/p>\n<p><strong>En 2017 gan\u00f3 la Copa Per\u00fa y logr\u00f3 el tan ansiado ascenso a la Primera Divisi\u00f3n. Debido a este logr\u00f3, hizo los tr\u00e1mites ante la Asociaci\u00f3n Deportiva de F\u00fatbol Profesional (ADFP) para regresar a Puno.<\/strong> Y luego de una discreta participaci\u00f3n en el torneo, finaliz\u00f3 en el 8\u00b0 puesto y se clasific\u00f3 a la Copa Sudamericana.<\/p>\n<p>Actualmente, se encuentra segundo en el campeonato y el \u00faltimo fin de semana super\u00f3 por 4-2 a Universitario\u00a0como local. <strong>Para este encuentro, el DT Javier Arce concentr\u00f3 a sus mejores futbolistas para jugar ante el Rojo.<\/strong> En principio, pondr\u00eda el mismo once que gan\u00f3 por el certamen local.<\/p>\n<p>En definitiva, el posible once de Binacional ser\u00eda: <strong>Michael Sotillo; \u00c1ngel P\u00e9rez, Eder Fern\u00e1ndez,\u00a0Herv\u00e9 Kambou,\u00a0Jeickson Reyes;\u00a0Yorkman Tello,\u00a0Edson Aubert;\u00a0Aldair Rodr\u00edguez,\u00a0Donald Mill\u00e1n,\u00a0Andy Polar; H\u00e9ctor Zeta.<\/strong><\/p>\n","protected":false},"excerpt":{"rendered":"<p>Independiente comenzar\u00e1 su participaci\u00f3n en la Copa Sudamericana 2019 este mi\u00e9rcoles cuando desde las 21:30 reciba en el Libertadores de Am\u00e9rica a Binacional de Per\u00fa. El Rojo buscar\u00e1 comenzar con el pie derecho en el plano internacional en busca del t\u00edtulo 19. La\u00a0Escuela Municipal Deportivo Binacional\u00a0es un club peruano que se fund\u00f3 tan solo hace [&hellip;]<\/p>\n","protected":false},"author":14,"featured_media":82596,"comment_status":"open","ping_status":"closed","sticky":false,"template":"","format":"standard","meta":{"_links_to":"","_links_to_target":""},"categories":[1990,3247],"tags":[153,3882,4096,3275],"_links":{"self":[{"href":"https:\/\/www.locoxelrojo.com\/independiente\/wp-json\/wp\/v2\/posts\/82595"}],"collection":[{"href":"https:\/\/www.locoxelrojo.com\/independiente\/wp-json\/wp\/v2\/posts"}],"about":[{"href":"https:\/\/www.locoxelrojo.com\/independiente\/wp-json\/wp\/v2\/types\/post"}],"author":[{"embeddable":true,"href":"https:\/\/www.locoxelrojo.com\/independiente\/wp-json\/wp\/v2\/users\/14"}],"replies":[{"embeddable":true,"href":"https:\/\/www.locoxelrojo.com\/independiente\/wp-json\/wp\/v2\/comments?post=82595"}],"version-history":[{"count":0,"href":"https:\/\/www.locoxelrojo.com\/independiente\/wp-json\/wp\/v2\/posts\/82595\/revisions"}],"wp:featuredmedia":[{"embeddable":true,"href":"https:\/\/www.locoxelrojo.com\/independiente\/wp-json\/wp\/v2\/media\/82596"}],"wp:attachment":[{"href":"https:\/\/www.locoxelrojo.com\/independiente\/wp-json\/wp\/v2\/media?parent=82595"}],"wp:term":[{"taxonomy":"category","embeddable":true,"href":"https:\/\/www.locoxelrojo.com\/independiente\/wp-json\/wp\/v2\/categories?post=82595"},{"taxonomy":"post_tag","embeddable":true,"href":"https:\/\/www.locoxelrojo.com\/independiente\/wp-json\/wp\/v2\/tags?post=82595"}],"curies":[{"name":"wp","href":"https:\/\/api.w.org\/{rel}","templated":true}]}}