{"id":82602,"date":"2019-04-03T08:47:17","date_gmt":"2019-04-03T11:47:17","guid":{"rendered":"http:\/\/www.locoxelrojo.com\/independiente\/?p=82602"},"modified":"2019-04-03T09:04:02","modified_gmt":"2019-04-03T12:04:02","slug":"alan-velasco-vio-la-roja-en-el-debut-del-hexagonal","status":"publish","type":"post","link":"https:\/\/www.locoxelrojo.com\/independiente\/2019\/04\/03\/alan-velasco-vio-la-roja-en-el-debut-del-hexagonal\/","title":{"rendered":"Velasco vio la roja en el debut del hexagonal"},"content":{"rendered":"<p><strong>Alan Velasco<\/strong>, el \u00fanico jugador de Independiente que est\u00e1 en Per\u00fa disputando el Sudamericano Sub 17, <strong>fue expulsado injustamente en el empate sin goles entre Argentina y la Selecci\u00f3n local<\/strong>.<\/p>\n<p>Luego de la ag\u00f3nica clasificaci\u00f3n ante Brasil para jugar la etapa final del certamen, el equipo de Pablo Aimar debut\u00f3 en el hexagonal ante Per\u00fa e igual\u00f3 0-0. <strong>No fue un encuentro vistoso y hubo pocas chances de gol por lado<\/strong>.<\/p>\n<p>Velasco ingres\u00f3 en el complemento a los 29&#8242; y a los 32&#8242; vio la amarilla por una infracci\u00f3n. Pero cuatro minutos despu\u00e9s, <strong>el juez del encuentro, Nicol\u00e1s Gallo, redonde\u00f3 una tarea muy pobre al mostrarle la segunda amarilla por una infracci\u00f3n que no era merecedora de tal sanci\u00f3n<\/strong>. El t\u00e9cnico argentino cuestion\u00f3 la decisi\u00f3n arbitral y tambi\u00e9n fue echado.<\/p>\n<p>De esta manera, <strong>el delantero de la Reserva del Rojo se perder\u00e1 el pr\u00f3ximo encuentro de Argentina, cuando este viernes se mida ante su par de Uruguay<\/strong>.<\/p>\n","protected":false},"excerpt":{"rendered":"<p>Alan Velasco, el \u00fanico jugador de Independiente que est\u00e1 en Per\u00fa disputando el Sudamericano Sub 17, fue expulsado injustamente en el empate sin goles entre Argentina y la Selecci\u00f3n local. Luego de la ag\u00f3nica clasificaci\u00f3n ante Brasil para jugar la etapa final del certamen, el equipo de Pablo Aimar debut\u00f3 en el hexagonal ante Per\u00fa [&hellip;]<\/p>\n","protected":false},"author":19,"featured_media":82603,"comment_status":"open","ping_status":"closed","sticky":false,"template":"","format":"standard","meta":{"_links_to":"","_links_to_target":""},"categories":[3247,3281],"tags":[3560,4181,227,4180,4161],"_links":{"self":[{"href":"https:\/\/www.locoxelrojo.com\/independiente\/wp-json\/wp\/v2\/posts\/82602"}],"collection":[{"href":"https:\/\/www.locoxelrojo.com\/independiente\/wp-json\/wp\/v2\/posts"}],"about":[{"href":"https:\/\/www.locoxelrojo.com\/independiente\/wp-json\/wp\/v2\/types\/post"}],"author":[{"embeddable":true,"href":"https:\/\/www.locoxelrojo.com\/independiente\/wp-json\/wp\/v2\/users\/19"}],"replies":[{"embeddable":true,"href":"https:\/\/www.locoxelrojo.com\/independiente\/wp-json\/wp\/v2\/comments?post=82602"}],"version-history":[{"count":1,"href":"https:\/\/www.locoxelrojo.com\/independiente\/wp-json\/wp\/v2\/posts\/82602\/revisions"}],"predecessor-version":[{"id":82604,"href":"https:\/\/www.locoxelrojo.com\/independiente\/wp-json\/wp\/v2\/posts\/82602\/revisions\/82604"}],"wp:featuredmedia":[{"embeddable":true,"href":"https:\/\/www.locoxelrojo.com\/independiente\/wp-json\/wp\/v2\/media\/82603"}],"wp:attachment":[{"href":"https:\/\/www.locoxelrojo.com\/independiente\/wp-json\/wp\/v2\/media?parent=82602"}],"wp:term":[{"taxonomy":"category","embeddable":true,"href":"https:\/\/www.locoxelrojo.com\/independiente\/wp-json\/wp\/v2\/categories?post=82602"},{"taxonomy":"post_tag","embeddable":true,"href":"https:\/\/www.locoxelrojo.com\/independiente\/wp-json\/wp\/v2\/tags?post=82602"}],"curies":[{"name":"wp","href":"https:\/\/api.w.org\/{rel}","templated":true}]}}