{"id":82657,"date":"2019-04-05T16:24:07","date_gmt":"2019-04-05T19:24:07","guid":{"rendered":"http:\/\/www.locoxelrojo.com\/independiente\/?p=82657"},"modified":"2019-04-06T11:23:53","modified_gmt":"2019-04-06T14:23:53","slug":"tres-jugadores-mente-para-dos-puestosvv","status":"publish","type":"post","link":"https:\/\/www.locoxelrojo.com\/independiente\/2019\/04\/05\/tres-jugadores-mente-para-dos-puestosvv\/","title":{"rendered":"Tres jugadores en mente para dos puestos"},"content":{"rendered":"<p>En la ma\u00f1ana del viernes pas\u00f3 una nueva pr\u00e1ctica de Independiente en el predio de Villa Dominico. <strong>Ariel Holan tiene tres jugadores en mente para dos puestos. <\/strong><\/p>\n<p>El Rojo ya piensa en lo que ser\u00e1 su \u00faltima presentaci\u00f3n en la Superliga ante Rosario Central el pr\u00f3ximo domingo y se entren\u00f3 pensando en el Canalla. Los trabajos realizados fueron: <strong>regenerativo para quienes jugaron ante Binacional y, posteriormente, trabajos con pelota en espacios reducidos y combinaciones ofensivas<\/strong>.<\/p>\n<p>Holan qued\u00f3 conforme con el rendimiento del equipo tras la goleada en la Copa Sudamericana, sin embargo, el once inicial podr\u00eda sufrir una variante: <strong>la vuelta de Nicol\u00e1s Figal<\/strong>. Si el DT decide devolverle la titularidad, <strong>habr\u00e1 que ver si el que sale es Emanuel Br\u00edtez o Fabricio Bustos. De estos tres, dos ser\u00e1n saldr\u00e1n a la cancha en el Gigante de Arroyito. <\/strong><\/p>\n<p>A su vez, algunos futbolistas se entrenaron de manera diferenciada, <strong>como Gonzalo Ver\u00f3n, quien realiz\u00f3 trabajos aer\u00f3bicos y de kinesiolog\u00eda. Guillermo Burdisso, hizo lo propio ya en la \u00faltima etapa de recuperaci\u00f3n de su desgarro en el aductor, mientras que Carlos Benav\u00eddez y Gast\u00f3n Togni, contin\u00faan con la puesta a punto de sus lesiones ligamentarias. <\/strong><\/p>\n<p>Independiente volver\u00e1 a entrenarse el s\u00e1bado por la ma\u00f1ana en Villa Dominico, a puertas cerradas, y posteriormente partir\u00e1n rumbo a Rosario.<\/p>\n","protected":false},"excerpt":{"rendered":"<p>En la ma\u00f1ana del viernes pas\u00f3 una nueva pr\u00e1ctica de Independiente en el predio de Villa Dominico. Ariel Holan tiene tres jugadores en mente para dos puestos. El Rojo ya piensa en lo que ser\u00e1 su \u00faltima presentaci\u00f3n en la Superliga ante Rosario Central el pr\u00f3ximo domingo y se entren\u00f3 pensando en el Canalla. Los [&hellip;]<\/p>\n","protected":false},"author":25,"featured_media":82658,"comment_status":"open","ping_status":"closed","sticky":false,"template":"","format":"standard","meta":{"_links_to":"","_links_to_target":""},"categories":[3247,3],"tags":[2998,26,1027,2947,2625,172],"_links":{"self":[{"href":"https:\/\/www.locoxelrojo.com\/independiente\/wp-json\/wp\/v2\/posts\/82657"}],"collection":[{"href":"https:\/\/www.locoxelrojo.com\/independiente\/wp-json\/wp\/v2\/posts"}],"about":[{"href":"https:\/\/www.locoxelrojo.com\/independiente\/wp-json\/wp\/v2\/types\/post"}],"author":[{"embeddable":true,"href":"https:\/\/www.locoxelrojo.com\/independiente\/wp-json\/wp\/v2\/users\/25"}],"replies":[{"embeddable":true,"href":"https:\/\/www.locoxelrojo.com\/independiente\/wp-json\/wp\/v2\/comments?post=82657"}],"version-history":[{"count":0,"href":"https:\/\/www.locoxelrojo.com\/independiente\/wp-json\/wp\/v2\/posts\/82657\/revisions"}],"wp:featuredmedia":[{"embeddable":true,"href":"https:\/\/www.locoxelrojo.com\/independiente\/wp-json\/wp\/v2\/media\/82658"}],"wp:attachment":[{"href":"https:\/\/www.locoxelrojo.com\/independiente\/wp-json\/wp\/v2\/media?parent=82657"}],"wp:term":[{"taxonomy":"category","embeddable":true,"href":"https:\/\/www.locoxelrojo.com\/independiente\/wp-json\/wp\/v2\/categories?post=82657"},{"taxonomy":"post_tag","embeddable":true,"href":"https:\/\/www.locoxelrojo.com\/independiente\/wp-json\/wp\/v2\/tags?post=82657"}],"curies":[{"name":"wp","href":"https:\/\/api.w.org\/{rel}","templated":true}]}}