{"id":82760,"date":"2019-04-11T21:40:08","date_gmt":"2019-04-12T00:40:08","guid":{"rendered":"http:\/\/www.locoxelrojo.com\/independiente\/?p=82760"},"modified":"2019-12-27T23:24:30","modified_gmt":"2019-12-28T02:24:30","slug":"los5-mejores-puntajes-rojos-de-la-superliga-2018-2019","status":"publish","type":"post","link":"https:\/\/www.locoxelrojo.com\/independiente\/2019\/04\/11\/los5-mejores-puntajes-rojos-de-la-superliga-2018-2019\/","title":{"rendered":"#Los5 mejores Puntajes Rojos de la Superliga 2018\/2019"},"content":{"rendered":"<h3>Emanuel Br\u00edtez<\/h3>\n<p><a href=\"https:\/\/www.locoxelrojo.com\/independiente\/2018\/11\/11\/feliz-domingo-independiente\/festejo-gol-emanuel-britez\/\" rel=\"attachment wp-att-80661\"><img loading=\"lazy\" class=\"alignnone size-large wp-image-80661\" src=\"https:\/\/www.locoxelrojo.com\/independiente\/wp-content\/uploads\/2018\/11\/Festejo-gol-Emanuel-Britez-1024x681.jpg\" alt=\"\" width=\"696\" height=\"463\" srcset=\"https:\/\/locoxelrojo.com\/independiente\/wp-content\/uploads\/2018\/11\/Festejo-gol-Emanuel-Britez-1024x681.jpg 1024w, https:\/\/locoxelrojo.com\/independiente\/wp-content\/uploads\/2018\/11\/Festejo-gol-Emanuel-Britez-300x200.jpg 300w, https:\/\/locoxelrojo.com\/independiente\/wp-content\/uploads\/2018\/11\/Festejo-gol-Emanuel-Britez-768x511.jpg 768w, https:\/\/locoxelrojo.com\/independiente\/wp-content\/uploads\/2018\/11\/Festejo-gol-Emanuel-Britez-696x463.jpg 696w, https:\/\/locoxelrojo.com\/independiente\/wp-content\/uploads\/2018\/11\/Festejo-gol-Emanuel-Britez-1068x710.jpg 1068w, https:\/\/locoxelrojo.com\/independiente\/wp-content\/uploads\/2018\/11\/Festejo-gol-Emanuel-Britez-632x420.jpg 632w, https:\/\/locoxelrojo.com\/independiente\/wp-content\/uploads\/2018\/11\/Festejo-gol-Emanuel-Britez-128x85.jpg 128w, https:\/\/locoxelrojo.com\/independiente\/wp-content\/uploads\/2018\/11\/Festejo-gol-Emanuel-Britez-32x21.jpg 32w, https:\/\/locoxelrojo.com\/independiente\/wp-content\/uploads\/2018\/11\/Festejo-gol-Emanuel-Britez.jpg 1200w\" sizes=\"(max-width: 696px) 100vw, 696px\" \/><\/a><\/p>\n<p>El defensor tuvo un campeonato con muchos altibajos. Por momentos mostr\u00f3 un nivel que ped\u00eda titularidad y tambi\u00e9n tuvo actuaciones para el olvido. Jug\u00f3 15 partidos -13 de titular- y anot\u00f3 1 gol. Fue el \u00fanico defensor del plantel que logr\u00f3 marcar. Casi siempre entre los 5 y 6 puntos, sobre el cierre de la temporada dej\u00f3 una buena imagen y <strong>finaliz\u00f3 con un promedio de 5,41<\/strong>.<\/p>\n<h3>Mart\u00edn Ben\u00edtez<\/h3>\n<p><a href=\"https:\/\/www.locoxelrojo.com\/independiente\/2019\/04\/09\/benitez-para-los-que-me-critican-quizas-cuando-me-vaya-me-van-a-extranar\/benitez-independiente-2019\/\" rel=\"attachment wp-att-82729\"><img loading=\"lazy\" class=\"alignnone size-large wp-image-82729\" src=\"https:\/\/www.locoxelrojo.com\/independiente\/wp-content\/uploads\/2019\/04\/benitez-independiente-2019-1024x504.jpg\" alt=\"benitez-independiente-2019\" width=\"696\" height=\"343\" srcset=\"https:\/\/locoxelrojo.com\/independiente\/wp-content\/uploads\/2019\/04\/benitez-independiente-2019-1024x504.jpg 1024w, https:\/\/locoxelrojo.com\/independiente\/wp-content\/uploads\/2019\/04\/benitez-independiente-2019-300x148.jpg 300w, https:\/\/locoxelrojo.com\/independiente\/wp-content\/uploads\/2019\/04\/benitez-independiente-2019-768x378.jpg 768w, https:\/\/locoxelrojo.com\/independiente\/wp-content\/uploads\/2019\/04\/benitez-independiente-2019-324x160.jpg 324w, https:\/\/locoxelrojo.com\/independiente\/wp-content\/uploads\/2019\/04\/benitez-independiente-2019-696x342.jpg 696w, https:\/\/locoxelrojo.com\/independiente\/wp-content\/uploads\/2019\/04\/benitez-independiente-2019-1068x525.jpg 1068w, https:\/\/locoxelrojo.com\/independiente\/wp-content\/uploads\/2019\/04\/benitez-independiente-2019-854x420.jpg 854w, https:\/\/locoxelrojo.com\/independiente\/wp-content\/uploads\/2019\/04\/benitez-independiente-2019-128x63.jpg 128w, https:\/\/locoxelrojo.com\/independiente\/wp-content\/uploads\/2019\/04\/benitez-independiente-2019-32x16.jpg 32w, https:\/\/locoxelrojo.com\/independiente\/wp-content\/uploads\/2019\/04\/benitez-independiente-2019.jpg 1256w\" sizes=\"(max-width: 696px) 100vw, 696px\" \/><\/a><\/p>\n<p>El misionero tambi\u00e9n tuvo un campeonato bastante irregular, lo cual se explica, en parte, por haber jugado muchas veces en un puesto inc\u00f3modo. Tras la salida de Emmanuel Gigliotti, le cay\u00f3 gran parte de la responsabilidad de hacer goles y el DT lo prob\u00f3 como falso 9. Complet\u00f3 19 partidos -13 de titular- y anot\u00f3 3 goles (el \u00faltimo, una espectacular chilena). Si bien tuvo partidos de gran nivel, finalmente <strong>su promedio anual fue de 5,47<\/strong>.<\/p>\n<h3>Nicol\u00e1s Domingo<\/h3>\n<figure id=\"attachment_81837\" aria-describedby=\"caption-attachment-81837\" style=\"width: 900px\" class=\"wp-caption alignnone\"><a href=\"https:\/\/www.locoxelrojo.com\/independiente\/2019\/02\/13\/quieren-cuidarlo-domingo\/domingo-cai-uni\/\" rel=\"attachment wp-att-81837\"><img loading=\"lazy\" class=\"size-full wp-image-81837\" src=\"https:\/\/www.locoxelrojo.com\/independiente\/wp-content\/uploads\/2019\/02\/domingo-cai-uni.jpg\" alt=\"domingo-cai-uni\" width=\"900\" height=\"725\" srcset=\"https:\/\/locoxelrojo.com\/independiente\/wp-content\/uploads\/2019\/02\/domingo-cai-uni.jpg 900w, https:\/\/locoxelrojo.com\/independiente\/wp-content\/uploads\/2019\/02\/domingo-cai-uni-300x242.jpg 300w, https:\/\/locoxelrojo.com\/independiente\/wp-content\/uploads\/2019\/02\/domingo-cai-uni-768x619.jpg 768w, https:\/\/locoxelrojo.com\/independiente\/wp-content\/uploads\/2019\/02\/domingo-cai-uni-696x561.jpg 696w, https:\/\/locoxelrojo.com\/independiente\/wp-content\/uploads\/2019\/02\/domingo-cai-uni-521x420.jpg 521w, https:\/\/locoxelrojo.com\/independiente\/wp-content\/uploads\/2019\/02\/domingo-cai-uni-128x103.jpg 128w, https:\/\/locoxelrojo.com\/independiente\/wp-content\/uploads\/2019\/02\/domingo-cai-uni-32x26.jpg 32w\" sizes=\"(max-width: 900px) 100vw, 900px\" \/><\/a><figcaption id=\"caption-attachment-81837\" class=\"wp-caption-text\">Club Atl\u00e9tico Independiente<\/figcaption><\/figure>\n<p>El patr\u00f3n del mediocampo. El t\u00e9cnico dentro de la cancha. Presente en casi todos los partidos de la Superliga (23 de 25), jug\u00f3 la gran mayor\u00eda en un nivel superlativo y, a pesar de tantos cambios, se destac\u00f3 sin importar qui\u00e9n jugaba al lado suyo en el doble 5. De no ser por el baj\u00f3n general del equipo en algunos tramos, su calificaci\u00f3n final hubiera sido m\u00e1s alta como lo fueron muchas durante el torneo.\u00a0<strong>Cerr\u00f3 con un promedio de 5,98<\/strong>.<\/p>\n<h3>Mart\u00edn Campa\u00f1a<\/h3>\n<p><a href=\"https:\/\/www.locoxelrojo.com\/independiente\/2019\/02\/02\/campana-atajo-un-penal-y-salvo-al-rojo\/campana-penal-casla\/\" rel=\"attachment wp-att-81591\"><img loading=\"lazy\" class=\"alignnone size-full wp-image-81591\" src=\"https:\/\/www.locoxelrojo.com\/independiente\/wp-content\/uploads\/2019\/02\/CAMPA\u00d1A-PENAL-CASLA.jpg\" alt=\"CAMPA\u00d1A-PENAL-CASLA\" width=\"850\" height=\"607\" srcset=\"https:\/\/locoxelrojo.com\/independiente\/wp-content\/uploads\/2019\/02\/CAMPA\u00d1A-PENAL-CASLA.jpg 850w, https:\/\/locoxelrojo.com\/independiente\/wp-content\/uploads\/2019\/02\/CAMPA\u00d1A-PENAL-CASLA-300x214.jpg 300w, https:\/\/locoxelrojo.com\/independiente\/wp-content\/uploads\/2019\/02\/CAMPA\u00d1A-PENAL-CASLA-768x548.jpg 768w, https:\/\/locoxelrojo.com\/independiente\/wp-content\/uploads\/2019\/02\/CAMPA\u00d1A-PENAL-CASLA-100x70.jpg 100w, https:\/\/locoxelrojo.com\/independiente\/wp-content\/uploads\/2019\/02\/CAMPA\u00d1A-PENAL-CASLA-696x497.jpg 696w, https:\/\/locoxelrojo.com\/independiente\/wp-content\/uploads\/2019\/02\/CAMPA\u00d1A-PENAL-CASLA-588x420.jpg 588w, https:\/\/locoxelrojo.com\/independiente\/wp-content\/uploads\/2019\/02\/CAMPA\u00d1A-PENAL-CASLA-128x91.jpg 128w, https:\/\/locoxelrojo.com\/independiente\/wp-content\/uploads\/2019\/02\/CAMPA\u00d1A-PENAL-CASLA-32x23.jpg 32w\" sizes=\"(max-width: 850px) 100vw, 850px\" \/><\/a><\/p>\n<p>El capit\u00e1n volvi\u00f3 a lucirse en una temporada bastante opaca del Rojo. Con 24 partidos jugados, fue el que estuvo presente en m\u00e1s partidos y estuvo a uno de la asistencia perfecta. Innumerable cantidad de atajadas suyas salvaron al equipo de perder m\u00e1s puntos y quedar m\u00e1s abajo en la tabla. Mantuvo 6 veces la valla invicta y ataj\u00f3 un penal.\u00a0<strong>Su promedio final fue de 6,10<\/strong>.<\/p>\n<h3>Emmanuel Gigliotti<\/h3>\n<p><a href=\"https:\/\/www.locoxelrojo.com\/independiente\/2018\/09\/06\/puma-gigliotti-volver-a-argentina-fue-la-mejor-decision-estoy-muy-contento-en-independiente\/gigliotti-nob-independiente\/\" rel=\"attachment wp-att-79498\"><img loading=\"lazy\" class=\"alignnone size-full wp-image-79498\" src=\"https:\/\/www.locoxelrojo.com\/independiente\/wp-content\/uploads\/2018\/09\/gigliotti-nob-independiente.jpg\" alt=\"\" width=\"860\" height=\"575\" srcset=\"https:\/\/locoxelrojo.com\/independiente\/wp-content\/uploads\/2018\/09\/gigliotti-nob-independiente.jpg 860w, https:\/\/locoxelrojo.com\/independiente\/wp-content\/uploads\/2018\/09\/gigliotti-nob-independiente-300x201.jpg 300w, https:\/\/locoxelrojo.com\/independiente\/wp-content\/uploads\/2018\/09\/gigliotti-nob-independiente-768x513.jpg 768w, https:\/\/locoxelrojo.com\/independiente\/wp-content\/uploads\/2018\/09\/gigliotti-nob-independiente-696x465.jpg 696w, https:\/\/locoxelrojo.com\/independiente\/wp-content\/uploads\/2018\/09\/gigliotti-nob-independiente-628x420.jpg 628w, https:\/\/locoxelrojo.com\/independiente\/wp-content\/uploads\/2018\/09\/gigliotti-nob-independiente-128x86.jpg 128w, https:\/\/locoxelrojo.com\/independiente\/wp-content\/uploads\/2018\/09\/gigliotti-nob-independiente-32x21.jpg 32w\" sizes=\"(max-width: 860px) 100vw, 860px\" \/><\/a><\/p>\n<p>El Puma no necesit\u00f3 jugar el torneo completo para tener <strong>el promedio m\u00e1s alto: 6,23<\/strong>. Estuvo presente en 15 partidos -13 de titular-, anot\u00f3 12 goles, fue el m\u00e1ximo goleador de Independiente y el segundo de la Superliga. Tras un gran primer semestre, tal vez el mejor de su carrera, en enero fue vendido al Toluca. Una baja ins\u00f3lita que el Rojo sinti\u00f3 en 2019.<\/p>\n","protected":false},"excerpt":{"rendered":"<p>Emanuel Br\u00edtez El defensor tuvo un campeonato con muchos altibajos. Por momentos mostr\u00f3 un nivel que ped\u00eda titularidad y tambi\u00e9n tuvo actuaciones para el olvido. Jug\u00f3 15 partidos -13 de titular- y anot\u00f3 1 gol. Fue el \u00fanico defensor del plantel que logr\u00f3 marcar. Casi siempre entre los 5 y 6 puntos, sobre el cierre [&hellip;]<\/p>\n","protected":false},"author":8,"featured_media":80910,"comment_status":"open","ping_status":"closed","sticky":false,"template":"","format":"standard","meta":{"_links_to":"","_links_to_target":""},"categories":[3422,11,3247],"tags":[3423,1479,3959],"_links":{"self":[{"href":"https:\/\/www.locoxelrojo.com\/independiente\/wp-json\/wp\/v2\/posts\/82760"}],"collection":[{"href":"https:\/\/www.locoxelrojo.com\/independiente\/wp-json\/wp\/v2\/posts"}],"about":[{"href":"https:\/\/www.locoxelrojo.com\/independiente\/wp-json\/wp\/v2\/types\/post"}],"author":[{"embeddable":true,"href":"https:\/\/www.locoxelrojo.com\/independiente\/wp-json\/wp\/v2\/users\/8"}],"replies":[{"embeddable":true,"href":"https:\/\/www.locoxelrojo.com\/independiente\/wp-json\/wp\/v2\/comments?post=82760"}],"version-history":[{"count":0,"href":"https:\/\/www.locoxelrojo.com\/independiente\/wp-json\/wp\/v2\/posts\/82760\/revisions"}],"wp:featuredmedia":[{"embeddable":true,"href":"https:\/\/www.locoxelrojo.com\/independiente\/wp-json\/wp\/v2\/media\/80910"}],"wp:attachment":[{"href":"https:\/\/www.locoxelrojo.com\/independiente\/wp-json\/wp\/v2\/media?parent=82760"}],"wp:term":[{"taxonomy":"category","embeddable":true,"href":"https:\/\/www.locoxelrojo.com\/independiente\/wp-json\/wp\/v2\/categories?post=82760"},{"taxonomy":"post_tag","embeddable":true,"href":"https:\/\/www.locoxelrojo.com\/independiente\/wp-json\/wp\/v2\/tags?post=82760"}],"curies":[{"name":"wp","href":"https:\/\/api.w.org\/{rel}","templated":true}]}}