{"id":82893,"date":"2019-04-19T16:57:56","date_gmt":"2019-04-19T19:57:56","guid":{"rendered":"http:\/\/www.locoxelrojo.com\/independiente\/?p=82893"},"modified":"2019-04-20T14:32:08","modified_gmt":"2019-04-20T17:32:08","slug":"holan-vamos-a-priorizar-la-copa-sudamericana","status":"publish","type":"post","link":"https:\/\/www.locoxelrojo.com\/independiente\/2019\/04\/19\/holan-vamos-a-priorizar-la-copa-sudamericana\/","title":{"rendered":"Holan: &#8220;Vamos a priorizar la Copa Sudamericana&#8221;"},"content":{"rendered":"<p><strong>Ariel Holan avis\u00f3 que<\/strong>, en caso de pasar de fase en ambas competencias, <strong>Independiente se inclinar\u00e1 por la Copa Sudamericana y dejar\u00e1n en segundo plano los torneos locales.<\/strong><\/p>\n<p>El partido de ida en la Copa de la Superliga dej\u00f3 al Rojo 3-2 abajo en el marcador frente a Argentinos Juniors. Este domingo tendr\u00e1 la revancha en el Libertadores de Am\u00e9rica y la serie est\u00e1 totalmente abierta para avanzar a la siguiente fase. En la Sudamericana el panorama es distinto La victoria por 4-1 ante Binacional lo encontr\u00f3 mejor parado y el entrenador cree que, al ser una copa internacional, al club le da m\u00e1s prestigio.<\/p>\n<p><strong>&#8220;Tenemos un club muy competitivo y un plantel que est\u00e1 a la altura. Mi gran desaf\u00edo es que ganar todos los a\u00f1os un campeonato vuelva a ser una costumbre&#8221;<\/strong>, manifest\u00f3 en conferencia de prensa. Y agreg\u00f3: <strong>&#8220;Es muy importante para nosotros la Sudamericana y seguramente si llegamos a pasar en esta llave van a estar los partidos intercalados. La prioridad es la Sudamericana, pero obviamente que el torneo es importante, sobretodo porque tambi\u00e9n es una oportunidad de clasificar a la Copa Libertadores&#8221;<\/strong>.<\/p>\n","protected":false},"excerpt":{"rendered":"<p>Ariel Holan avis\u00f3 que, en caso de pasar de fase en ambas competencias, Independiente se inclinar\u00e1 por la Copa Sudamericana y dejar\u00e1n en segundo plano los torneos locales. El partido de ida en la Copa de la Superliga dej\u00f3 al Rojo 3-2 abajo en el marcador frente a Argentinos Juniors. Este domingo tendr\u00e1 la revancha [&hellip;]<\/p>\n","protected":false},"author":1,"featured_media":82894,"comment_status":"open","ping_status":"closed","sticky":false,"template":"","format":"standard","meta":{"_links_to":"","_links_to_target":""},"categories":[3247,3],"tags":[2998,153],"_links":{"self":[{"href":"https:\/\/www.locoxelrojo.com\/independiente\/wp-json\/wp\/v2\/posts\/82893"}],"collection":[{"href":"https:\/\/www.locoxelrojo.com\/independiente\/wp-json\/wp\/v2\/posts"}],"about":[{"href":"https:\/\/www.locoxelrojo.com\/independiente\/wp-json\/wp\/v2\/types\/post"}],"author":[{"embeddable":true,"href":"https:\/\/www.locoxelrojo.com\/independiente\/wp-json\/wp\/v2\/users\/1"}],"replies":[{"embeddable":true,"href":"https:\/\/www.locoxelrojo.com\/independiente\/wp-json\/wp\/v2\/comments?post=82893"}],"version-history":[{"count":1,"href":"https:\/\/www.locoxelrojo.com\/independiente\/wp-json\/wp\/v2\/posts\/82893\/revisions"}],"predecessor-version":[{"id":82928,"href":"https:\/\/www.locoxelrojo.com\/independiente\/wp-json\/wp\/v2\/posts\/82893\/revisions\/82928"}],"wp:featuredmedia":[{"embeddable":true,"href":"https:\/\/www.locoxelrojo.com\/independiente\/wp-json\/wp\/v2\/media\/82894"}],"wp:attachment":[{"href":"https:\/\/www.locoxelrojo.com\/independiente\/wp-json\/wp\/v2\/media?parent=82893"}],"wp:term":[{"taxonomy":"category","embeddable":true,"href":"https:\/\/www.locoxelrojo.com\/independiente\/wp-json\/wp\/v2\/categories?post=82893"},{"taxonomy":"post_tag","embeddable":true,"href":"https:\/\/www.locoxelrojo.com\/independiente\/wp-json\/wp\/v2\/tags?post=82893"}],"curies":[{"name":"wp","href":"https:\/\/api.w.org\/{rel}","templated":true}]}}