{"id":82959,"date":"2019-04-22T17:14:55","date_gmt":"2019-04-22T20:14:55","guid":{"rendered":"http:\/\/www.locoxelrojo.com\/independiente\/?p=82959"},"modified":"2019-04-22T21:36:20","modified_gmt":"2019-04-23T00:36:20","slug":"aguero-por-ahora-imposible","status":"publish","type":"post","link":"https:\/\/www.locoxelrojo.com\/independiente\/2019\/04\/22\/aguero-por-ahora-imposible\/","title":{"rendered":"Ag\u00fcero, por ahora imposible"},"content":{"rendered":"<p>El vicepresidente de Independiente cont\u00f3 c\u00f3mo fue su encuentro con Sergio Ag\u00fcero y <strong>avis\u00f3 que, por ahora, el hincha del Rojo no tiene que ilusionarse con un regreso.<\/strong><\/p>\n<p><strong>&#8220;Viaj\u00e9 la semana pasada por un tema sindical y pude ver el partido del Manchester City. Estaba medio bajoneado por la eliminaci\u00f3n, pero hemos hablado y ojal\u00e1 en un tiempo pueda concretarse&#8221;<\/strong>, expres\u00f3. <strong>&#8220;Los contratos y compromisos que tiene \u00e9l all\u00e1 hacen que sea dif\u00edcil. Uno como dirigente e hincha de Independiente sue\u00f1a con un regreso del Kun, pero hoy es imposible&#8221;<\/strong>, explic\u00f3.<\/p>\n<p><strong>&#8220;Mientras siga ganando campeonatos y copas all\u00e1, va a ser cada vez m\u00e1s dif\u00edcil, pero el sue\u00f1o es poder tenerlo con nosotros antes de que finalice nuestro mandato&#8221;<\/strong>, cerr\u00f3.<\/p>\n<blockquote class=\"twitter-tweet\" data-lang=\"es\">\n<p dir=\"ltr\" lang=\"es\">&#8220;HOY ES IMPOSIBLE QUE VUELVA AG\u00dcERO&#8221;<a href=\"https:\/\/twitter.com\/hashtag\/90MinutosFOX?src=hash&amp;ref_src=twsrc%5Etfw\">#90MinutosFOX<\/a> | Pablo Moyano ratific\u00f3 que el Kun no puede ser refuerzo de Independiente en el corto plazo.<\/p>\n<p>Descarga la APP! <a href=\"https:\/\/t.co\/ZgEuwGD5oa\">https:\/\/t.co\/ZgEuwGD5oa<\/a> <a href=\"https:\/\/t.co\/I4CuAl9Jfn\">pic.twitter.com\/I4CuAl9Jfn<\/a><\/p>\n<p>\u2014 FOX Sports Argentina (@FOXSportsArg) <a href=\"https:\/\/twitter.com\/FOXSportsArg\/status\/1120369934771675137?ref_src=twsrc%5Etfw\">22 de abril de 2019<\/a><\/p><\/blockquote>\n<p><script async src=\"https:\/\/platform.twitter.com\/widgets.js\" charset=\"utf-8\"><\/script><\/p>\n","protected":false},"excerpt":{"rendered":"<p>El vicepresidente de Independiente cont\u00f3 c\u00f3mo fue su encuentro con Sergio Ag\u00fcero y avis\u00f3 que, por ahora, el hincha del Rojo no tiene que ilusionarse con un regreso. &#8220;Viaj\u00e9 la semana pasada por un tema sindical y pude ver el partido del Manchester City. Estaba medio bajoneado por la eliminaci\u00f3n, pero hemos hablado y ojal\u00e1 [&hellip;]<\/p>\n","protected":false},"author":1,"featured_media":82960,"comment_status":"open","ping_status":"closed","sticky":false,"template":"","format":"standard","meta":{"_links_to":"","_links_to_target":""},"categories":[3280,3247],"tags":[439,143],"_links":{"self":[{"href":"https:\/\/www.locoxelrojo.com\/independiente\/wp-json\/wp\/v2\/posts\/82959"}],"collection":[{"href":"https:\/\/www.locoxelrojo.com\/independiente\/wp-json\/wp\/v2\/posts"}],"about":[{"href":"https:\/\/www.locoxelrojo.com\/independiente\/wp-json\/wp\/v2\/types\/post"}],"author":[{"embeddable":true,"href":"https:\/\/www.locoxelrojo.com\/independiente\/wp-json\/wp\/v2\/users\/1"}],"replies":[{"embeddable":true,"href":"https:\/\/www.locoxelrojo.com\/independiente\/wp-json\/wp\/v2\/comments?post=82959"}],"version-history":[{"count":0,"href":"https:\/\/www.locoxelrojo.com\/independiente\/wp-json\/wp\/v2\/posts\/82959\/revisions"}],"wp:featuredmedia":[{"embeddable":true,"href":"https:\/\/www.locoxelrojo.com\/independiente\/wp-json\/wp\/v2\/media\/82960"}],"wp:attachment":[{"href":"https:\/\/www.locoxelrojo.com\/independiente\/wp-json\/wp\/v2\/media?parent=82959"}],"wp:term":[{"taxonomy":"category","embeddable":true,"href":"https:\/\/www.locoxelrojo.com\/independiente\/wp-json\/wp\/v2\/categories?post=82959"},{"taxonomy":"post_tag","embeddable":true,"href":"https:\/\/www.locoxelrojo.com\/independiente\/wp-json\/wp\/v2\/tags?post=82959"}],"curies":[{"name":"wp","href":"https:\/\/api.w.org\/{rel}","templated":true}]}}