{"id":83020,"date":"2019-04-29T17:57:55","date_gmt":"2019-04-29T20:57:55","guid":{"rendered":"http:\/\/www.locoxelrojo.com\/independiente\/?p=83020"},"modified":"2019-04-29T21:07:15","modified_gmt":"2019-04-30T00:07:15","slug":"ultima-practica-y-viaje-a-bolivia","status":"publish","type":"post","link":"https:\/\/www.locoxelrojo.com\/independiente\/2019\/04\/29\/ultima-practica-y-viaje-a-bolivia\/","title":{"rendered":"\u00daltima pr\u00e1ctica y viaje a Bolivia"},"content":{"rendered":"<p><strong>El plantel de Independiente tuvo su \u00faltima pr\u00e1ctica en Argentina y luego viaj\u00f3 a Santa Cruz de la Sierra, Bolivia. Ariel Holan volvi\u00f3 a parar un equipo con muchos cambios.<\/strong><\/p>\n<p>En Villa Dom\u00ednico, el Rojo ajust\u00f3 los \u00faltimos detalles antes de viajar para jugar la revancha ante Deportivo Binacional. El entrenador organiz\u00f3 un ensayo de f\u00fatbol y prob\u00f3 la misma formaci\u00f3n del fin de semana,<strong> un 4-3-1-2 sin Juan S\u00e1nchez Mi\u00f1o ni Nicol\u00e1s Domingo<\/strong>.<\/p>\n<p><strong>Mart\u00edn Campa\u00f1a; Fabricio Bustos, Emanuel Br\u00edtez, Guillermo Burdisso, Gast\u00f3n Silva; Pablo P\u00e9rez, Francisco Silva, Pablo Hern\u00e1ndez; Fernando Gaibor; Cecilio Dom\u00ednguez y Silvio Romero<\/strong> fueron los once que eligi\u00f3 el Profesor y que jugar\u00edan en Per\u00fa.<\/p>\n<blockquote class=\"twitter-tweet\" data-lang=\"en\">\n<p dir=\"ltr\" lang=\"es\">A buscar la clasificaci\u00f3n &#x1f51c;&#x2708;&#xfe0f;<\/p>\n<p>\u00a1Vamos <a href=\"https:\/\/twitter.com\/hashtag\/Independiente?src=hash&amp;ref_src=twsrc%5Etfw\">#Independiente<\/a>!<a href=\"https:\/\/twitter.com\/hashtag\/TodoRojo?src=hash&amp;ref_src=twsrc%5Etfw\">#TodoRojo<\/a> &#x1f534; <a href=\"https:\/\/t.co\/WVNBMRkwpe\">pic.twitter.com\/WVNBMRkwpe<\/a><\/p>\n<p>\u2014 C. A. Independiente (@Independiente) <a href=\"https:\/\/twitter.com\/Independiente\/status\/1122922504807493636?ref_src=twsrc%5Etfw\">April 29, 2019<\/a><\/p><\/blockquote>\n<p><script async src=\"https:\/\/platform.twitter.com\/widgets.js\" charset=\"utf-8\"><\/script><\/p>\n<p>Poco despu\u00e9s del entrenamiento, <strong>el plantel parti\u00f3 rumbo a su primer destino, Santa Cruz de la Sierra<\/strong>, donde aterriz\u00f3 en horas de la tarde. Se entrenar\u00e1 all\u00ed el martes y despu\u00e9s <strong>viajar\u00e1 en charter hasta Arequipa<\/strong>, ciudad donde enfrentar\u00e1 al equipo peruano.<\/p>\n","protected":false},"excerpt":{"rendered":"<p>El plantel de Independiente tuvo su \u00faltima pr\u00e1ctica en Argentina y luego viaj\u00f3 a Santa Cruz de la Sierra, Bolivia. Ariel Holan volvi\u00f3 a parar un equipo con muchos cambios. En Villa Dom\u00ednico, el Rojo ajust\u00f3 los \u00faltimos detalles antes de viajar para jugar la revancha ante Deportivo Binacional. El entrenador organiz\u00f3 un ensayo de [&hellip;]<\/p>\n","protected":false},"author":8,"featured_media":82894,"comment_status":"open","ping_status":"closed","sticky":false,"template":"","format":"standard","meta":{"_links_to":"","_links_to_target":""},"categories":[3247,3],"tags":[26,172],"_links":{"self":[{"href":"https:\/\/www.locoxelrojo.com\/independiente\/wp-json\/wp\/v2\/posts\/83020"}],"collection":[{"href":"https:\/\/www.locoxelrojo.com\/independiente\/wp-json\/wp\/v2\/posts"}],"about":[{"href":"https:\/\/www.locoxelrojo.com\/independiente\/wp-json\/wp\/v2\/types\/post"}],"author":[{"embeddable":true,"href":"https:\/\/www.locoxelrojo.com\/independiente\/wp-json\/wp\/v2\/users\/8"}],"replies":[{"embeddable":true,"href":"https:\/\/www.locoxelrojo.com\/independiente\/wp-json\/wp\/v2\/comments?post=83020"}],"version-history":[{"count":0,"href":"https:\/\/www.locoxelrojo.com\/independiente\/wp-json\/wp\/v2\/posts\/83020\/revisions"}],"wp:featuredmedia":[{"embeddable":true,"href":"https:\/\/www.locoxelrojo.com\/independiente\/wp-json\/wp\/v2\/media\/82894"}],"wp:attachment":[{"href":"https:\/\/www.locoxelrojo.com\/independiente\/wp-json\/wp\/v2\/media?parent=83020"}],"wp:term":[{"taxonomy":"category","embeddable":true,"href":"https:\/\/www.locoxelrojo.com\/independiente\/wp-json\/wp\/v2\/categories?post=83020"},{"taxonomy":"post_tag","embeddable":true,"href":"https:\/\/www.locoxelrojo.com\/independiente\/wp-json\/wp\/v2\/tags?post=83020"}],"curies":[{"name":"wp","href":"https:\/\/api.w.org\/{rel}","templated":true}]}}