{"id":83129,"date":"2019-05-07T12:30:18","date_gmt":"2019-05-07T15:30:18","guid":{"rendered":"http:\/\/www.locoxelrojo.com\/independiente\/?p=83129"},"modified":"2019-05-07T14:54:13","modified_gmt":"2019-05-07T17:54:13","slug":"pegas-la-vuelta-lolo","status":"publish","type":"post","link":"https:\/\/www.locoxelrojo.com\/independiente\/2019\/05\/07\/pegas-la-vuelta-lolo\/","title":{"rendered":"\u00bfPeg\u00e1s la vuelta, Lolo?"},"content":{"rendered":"<p><strong>Leonel Miranda<\/strong>, ex jugador del Rojo y actualmente en Defensa y Justicia, <strong>reafirm\u00f3 su cari\u00f1o por el club y se refiri\u00f3 a una posible vuelta<\/strong>.<\/p>\n<p><strong>\u201cHubo un acercamiento por medio de un llamado de gente de Independiente. Es algo lindo que se vuelvan a fijar en mi por mi presente. Eso significa que hice las cosas bien y me agarra en un buen momento de mi carrera\u201d<\/strong>, coment\u00f3 Lolo, en Campanas del Infierno, sobre la posibilidad de volver a vestir la camiseta del Rey de Copas, <strong>donde disput\u00f3 36 partidos y convirti\u00f3 2 goles<\/strong>.<\/p>\n<p>Luego, record\u00f3 el duro momento que le toc\u00f3 afrontar en su paso por Independiente: <strong>\u201cFue dif\u00edcil la etapa mala en el club, no pudimos dejarlo en Primera. Tuvimos que soportar insultos por parte de nuestra gente\u201d<\/strong>. Aunque le quedaron lindos recuerdos como su primer cl\u00e1sico, en el que le toc\u00f3 convertir:<strong> \u201cLo que m\u00e1s recuerdo del cl\u00e1sico con Racing fue lo llena que estaba la cancha. El colorido que le hab\u00eda puesto la gente\u201d<\/strong>.<\/p>\n<p><strong>\u201cCon Holan no ten\u00eda tanta participaci\u00f3n, pero lleg\u00f3 Becaccese y encontr\u00e9 mi lugar en Defensa y Justicia. La posici\u00f3n fue algo nuevo para m\u00ed, intent\u00e9 tom\u00e1rmela como un desaf\u00edo\u201d<\/strong>, asegur\u00f3 el volante sobre su proceso en Florencio Varela y concluy\u00f3: <strong>\u201cViv\u00ed momentos muy felices en Independiente y es algo que queda siempre en el recuerdo\u201d<\/strong>.<\/p>\n","protected":false},"excerpt":{"rendered":"<p>Leonel Miranda, ex jugador del Rojo y actualmente en Defensa y Justicia, reafirm\u00f3 su cari\u00f1o por el club y se refiri\u00f3 a una posible vuelta. \u201cHubo un acercamiento por medio de un llamado de gente de Independiente. Es algo lindo que se vuelvan a fijar en mi por mi presente. Eso significa que hice las [&hellip;]<\/p>\n","protected":false},"author":101017,"featured_media":83130,"comment_status":"open","ping_status":"closed","sticky":false,"template":"","format":"standard","meta":{"_links_to":"","_links_to_target":""},"categories":[3280,3247],"tags":[1347],"_links":{"self":[{"href":"https:\/\/www.locoxelrojo.com\/independiente\/wp-json\/wp\/v2\/posts\/83129"}],"collection":[{"href":"https:\/\/www.locoxelrojo.com\/independiente\/wp-json\/wp\/v2\/posts"}],"about":[{"href":"https:\/\/www.locoxelrojo.com\/independiente\/wp-json\/wp\/v2\/types\/post"}],"author":[{"embeddable":true,"href":"https:\/\/www.locoxelrojo.com\/independiente\/wp-json\/wp\/v2\/users\/101017"}],"replies":[{"embeddable":true,"href":"https:\/\/www.locoxelrojo.com\/independiente\/wp-json\/wp\/v2\/comments?post=83129"}],"version-history":[{"count":0,"href":"https:\/\/www.locoxelrojo.com\/independiente\/wp-json\/wp\/v2\/posts\/83129\/revisions"}],"wp:featuredmedia":[{"embeddable":true,"href":"https:\/\/www.locoxelrojo.com\/independiente\/wp-json\/wp\/v2\/media\/83130"}],"wp:attachment":[{"href":"https:\/\/www.locoxelrojo.com\/independiente\/wp-json\/wp\/v2\/media?parent=83129"}],"wp:term":[{"taxonomy":"category","embeddable":true,"href":"https:\/\/www.locoxelrojo.com\/independiente\/wp-json\/wp\/v2\/categories?post=83129"},{"taxonomy":"post_tag","embeddable":true,"href":"https:\/\/www.locoxelrojo.com\/independiente\/wp-json\/wp\/v2\/tags?post=83129"}],"curies":[{"name":"wp","href":"https:\/\/api.w.org\/{rel}","templated":true}]}}