{"id":83216,"date":"2019-05-15T10:06:05","date_gmt":"2019-05-15T13:06:05","guid":{"rendered":"http:\/\/www.locoxelrojo.com\/independiente\/?p=83216"},"modified":"2019-05-16T20:16:04","modified_gmt":"2019-05-16T23:16:04","slug":"albertengo-hablo-de-su-futuro-vuelve","status":"publish","type":"post","link":"https:\/\/www.locoxelrojo.com\/independiente\/2019\/05\/15\/albertengo-hablo-de-su-futuro-vuelve\/","title":{"rendered":"Albertengo habl\u00f3 de su futuro: \u00bfvuelve?"},"content":{"rendered":"<p><strong>Lucas Albertengo<\/strong>, a pr\u00e9stamo en Estudiantes de La Plata, coment\u00f3 su experiencia en el Pincha y habl\u00f3 de su vuelta al Rojo.<\/p>\n<p><strong>&#8220;Sal\u00ed en busca de sentirme importante y jugar&#8221;<\/strong>, confes\u00f3 el Flaco, que se fue del club en diciembre de 2017 y agreg\u00f3: <strong>&#8220;En este a\u00f1o y medio afuera me sent\u00ed bien. Por suerte pude jugar y encontrar continuidad que era lo que buscaba. En Estudiantes encontr\u00e9 una seguidilla de partidos que me hizo bien&#8221;<\/strong>.<\/p>\n<p>Luego, Albertengo opin\u00f3 acerca del rendimiento del equipo desde su partida: <strong>&#8220;Los primeros seis meses que yo no estuve, creo que Independiente hizo un gran semestre. En la Recopa ante Gremio estuvieron a la altura. Tambi\u00e9n hicieron una buena fase de grupos en la Copa Libertadores y llegaron hasta cuartos de final. El \u00faltimo a\u00f1o no fue bueno, le cost\u00f3 por momentos, siendo irregular y eso hizo que no haya peleado los objetivos&#8221;<\/strong>.<\/p>\n<p>Pr\u00f3ximo al final de su pr\u00e9stamo, el delantero reflexion\u00f3 sobre su futuro: <strong>\u201cRealmente todav\u00eda no habl\u00e9 con nadie. El semestre no termin\u00f3, al Pincha le queda un partido de Copa Argentina y yo estoy pensando en eso. Cuando termine ver\u00e9 qu\u00e9 va a pasar\u201d<\/strong>.<\/p>\n<p><strong>&#8220;Calculo que Estudiantes no va a hacer uso de la opci\u00f3n de compra (2.5 millones de d\u00f3lares por el 100% del pase) y tendr\u00e9 que volver a Independiente y analizar qu\u00e9 ser\u00e1 de mi futuro, qu\u00e9 me conviene y qu\u00e9 quiere el club. No me puedo apresurar, quiz\u00e1s se pueda renovar un pr\u00e9stamo&#8221;<\/strong>, concluy\u00f3 el ex Atl\u00e9tico Rafaela en Campanas del Infierno.<\/p>\n","protected":false},"excerpt":{"rendered":"<p>Lucas Albertengo, a pr\u00e9stamo en Estudiantes de La Plata, coment\u00f3 su experiencia en el Pincha y habl\u00f3 de su vuelta al Rojo. &#8220;Sal\u00ed en busca de sentirme importante y jugar&#8221;, confes\u00f3 el Flaco, que se fue del club en diciembre de 2017 y agreg\u00f3: &#8220;En este a\u00f1o y medio afuera me sent\u00ed bien. Por suerte [&hellip;]<\/p>\n","protected":false},"author":101017,"featured_media":82236,"comment_status":"open","ping_status":"closed","sticky":false,"template":"","format":"standard","meta":{"_links_to":"","_links_to_target":""},"categories":[3297,3247],"tags":[153,277,2839],"_links":{"self":[{"href":"https:\/\/www.locoxelrojo.com\/independiente\/wp-json\/wp\/v2\/posts\/83216"}],"collection":[{"href":"https:\/\/www.locoxelrojo.com\/independiente\/wp-json\/wp\/v2\/posts"}],"about":[{"href":"https:\/\/www.locoxelrojo.com\/independiente\/wp-json\/wp\/v2\/types\/post"}],"author":[{"embeddable":true,"href":"https:\/\/www.locoxelrojo.com\/independiente\/wp-json\/wp\/v2\/users\/101017"}],"replies":[{"embeddable":true,"href":"https:\/\/www.locoxelrojo.com\/independiente\/wp-json\/wp\/v2\/comments?post=83216"}],"version-history":[{"count":0,"href":"https:\/\/www.locoxelrojo.com\/independiente\/wp-json\/wp\/v2\/posts\/83216\/revisions"}],"wp:featuredmedia":[{"embeddable":true,"href":"https:\/\/www.locoxelrojo.com\/independiente\/wp-json\/wp\/v2\/media\/82236"}],"wp:attachment":[{"href":"https:\/\/www.locoxelrojo.com\/independiente\/wp-json\/wp\/v2\/media?parent=83216"}],"wp:term":[{"taxonomy":"category","embeddable":true,"href":"https:\/\/www.locoxelrojo.com\/independiente\/wp-json\/wp\/v2\/categories?post=83216"},{"taxonomy":"post_tag","embeddable":true,"href":"https:\/\/www.locoxelrojo.com\/independiente\/wp-json\/wp\/v2\/tags?post=83216"}],"curies":[{"name":"wp","href":"https:\/\/api.w.org\/{rel}","templated":true}]}}