{"id":83236,"date":"2019-05-17T18:42:24","date_gmt":"2019-05-17T21:42:24","guid":{"rendered":"http:\/\/www.locoxelrojo.com\/independiente\/?p=83236"},"modified":"2019-05-18T09:48:40","modified_gmt":"2019-05-18T12:48:40","slug":"reunion-entre-holan-y-la-dirigencia","status":"publish","type":"post","link":"https:\/\/www.locoxelrojo.com\/independiente\/2019\/05\/17\/reunion-entre-holan-y-la-dirigencia\/","title":{"rendered":"Reuni\u00f3n entre Holan y la dirigencia"},"content":{"rendered":"<p><strong>Este viernes por la tarde se llev\u00f3 a cabo una reuni\u00f3n entre Ariel Holan y algunos dirigentes de Independiente.<\/strong><\/p>\n<p>El t\u00e9cnico tuvo una charla con el vicepresidente Pablo Moyano y con el secretario general del club, H\u00e9ctor Maldonado. Por temas personales no pudo asistir el presidente Hugo Moyano.\u00a0<strong>La continuidad de Holan, la log\u00edstica de la pretemporada, la depuraci\u00f3n del plantel y los refuerzos para la temporada que va a comenzar<\/strong> fueron algunos de los temas que se tocaron en el encuentro de esta tarde.<\/p>\n<p>Tal y como hab\u00edan manifestado anteriormente los miembros de Comisi\u00f3n Directiva, <strong>el Profesor no mostr\u00f3 intenciones de dejar su cargo<\/strong>\u00a0y todo indica que seguir\u00e1 siendo el entrenador del Rojo, por lo menos hasta fin de a\u00f1o.<\/p>\n<p>Maldonado hab\u00eda adelantado en la semana que el club se excedi\u00f3 en el presupuesto para armar el equipo, por lo que se necesita <strong>reducir el plantel y liberarse de algunos contratos<\/strong>. Con este panorama, ser\u00e1 Holan quien arme la lista de prescindibles.<\/p>\n<p>Por un acuerdo establecido al momento de la venta de Maximiliano Meza,<strong> el plantel podr\u00eda hacer la pretemporada en M\u00e9xico<\/strong>, con todos los gastos cubiertos por Rayados de Monterrey. Y en las \u00faltimas horas, surgi\u00f3 otra posibilidad: realizarla<strong> en Asunci\u00f3n por una invitaci\u00f3n oficial que lleg\u00f3 desde CONMEBOL<\/strong>.<\/p>\n","protected":false},"excerpt":{"rendered":"<p>Este viernes por la tarde se llev\u00f3 a cabo una reuni\u00f3n entre Ariel Holan y algunos dirigentes de Independiente. El t\u00e9cnico tuvo una charla con el vicepresidente Pablo Moyano y con el secretario general del club, H\u00e9ctor Maldonado. Por temas personales no pudo asistir el presidente Hugo Moyano.\u00a0La continuidad de Holan, la log\u00edstica de la [&hellip;]<\/p>\n","protected":false},"author":8,"featured_media":83237,"comment_status":"open","ping_status":"closed","sticky":false,"template":"","format":"standard","meta":{"_links_to":"","_links_to_target":""},"categories":[3280,3247],"tags":[2998,2107,2636,439],"_links":{"self":[{"href":"https:\/\/www.locoxelrojo.com\/independiente\/wp-json\/wp\/v2\/posts\/83236"}],"collection":[{"href":"https:\/\/www.locoxelrojo.com\/independiente\/wp-json\/wp\/v2\/posts"}],"about":[{"href":"https:\/\/www.locoxelrojo.com\/independiente\/wp-json\/wp\/v2\/types\/post"}],"author":[{"embeddable":true,"href":"https:\/\/www.locoxelrojo.com\/independiente\/wp-json\/wp\/v2\/users\/8"}],"replies":[{"embeddable":true,"href":"https:\/\/www.locoxelrojo.com\/independiente\/wp-json\/wp\/v2\/comments?post=83236"}],"version-history":[{"count":1,"href":"https:\/\/www.locoxelrojo.com\/independiente\/wp-json\/wp\/v2\/posts\/83236\/revisions"}],"predecessor-version":[{"id":83240,"href":"https:\/\/www.locoxelrojo.com\/independiente\/wp-json\/wp\/v2\/posts\/83236\/revisions\/83240"}],"wp:featuredmedia":[{"embeddable":true,"href":"https:\/\/www.locoxelrojo.com\/independiente\/wp-json\/wp\/v2\/media\/83237"}],"wp:attachment":[{"href":"https:\/\/www.locoxelrojo.com\/independiente\/wp-json\/wp\/v2\/media?parent=83236"}],"wp:term":[{"taxonomy":"category","embeddable":true,"href":"https:\/\/www.locoxelrojo.com\/independiente\/wp-json\/wp\/v2\/categories?post=83236"},{"taxonomy":"post_tag","embeddable":true,"href":"https:\/\/www.locoxelrojo.com\/independiente\/wp-json\/wp\/v2\/tags?post=83236"}],"curies":[{"name":"wp","href":"https:\/\/api.w.org\/{rel}","templated":true}]}}