{"id":83245,"date":"2019-05-18T11:51:31","date_gmt":"2019-05-18T14:51:31","guid":{"rendered":"http:\/\/www.locoxelrojo.com\/independiente\/?p=83245"},"modified":"2019-05-19T10:07:55","modified_gmt":"2019-05-19T13:07:55","slug":"santa-cruz-nos-dormimos-en-la-ultima-y-nos-costo-caro","status":"publish","type":"post","link":"https:\/\/www.locoxelrojo.com\/independiente\/2019\/05\/18\/santa-cruz-nos-dormimos-en-la-ultima-y-nos-costo-caro\/","title":{"rendered":"Santa Cruz: &#8220;Nos dormimos en la \u00faltima y nos cost\u00f3 caro&#8221;"},"content":{"rendered":"<p><strong>Maximiliano Santa Cruz<\/strong>, autor del gol de Independiente en el empate ag\u00f3nico ante San Lorenzo, dialog\u00f3 en exclusiva con <strong>LocoXelRojo<\/strong> y habl\u00f3 sobre las virtudes del equipo.<\/p>\n<p><iframe loading=\"lazy\" src=\"https:\/\/www.youtube.com\/embed\/i0g2VpUPbRE\" width=\"560\" height=\"315\" frameborder=\"0\" allowfullscreen=\"allowfullscreen\"><\/iframe><\/p>\n<p><strong>&#8220;Entr\u00e9 con la cabeza fr\u00eda pensando en dejar todo con esta camiseta. El partido se nos escap\u00f3 porque dormimos en la \u00faltima jugada y nos cost\u00f3 caro. Este grupo deja todo y est\u00e1 a la altura de cualquier otro plantel. Vamos a pelear hasta el final para ganar el torneo&#8221;<\/strong>, fueron sus primeras declaraciones.<\/p>\n<p>Haciendo un breve an\u00e1lisis de lo que fue el desarrollo del juego, Santa Cruz expres\u00f3: <strong>&#8220;San Lorenzo nos dej\u00f3 espacios como nosotros les dejamos porque los dos tenemos caracter\u00edsticas muy similares. En el complemento bajamos un poco y les dimos la pelota&#8221;<\/strong>.<\/p>\n<p>Al mismo tiempo que agreg\u00f3: <strong>&#8220;Nos adaptamos bien a los cambios de juego: cuando tenemos que atacar lo hacemos y cuando tenemos que defender, nos defendemos&#8221;<\/strong>.<\/p>\n<p>Por \u00faltimo, Maxi destac\u00f3 una de las mayores caracter\u00edsticas que tiene el grupo desde lo humano: <strong>&#8220;La humildad de este equipo es la base. Gracias al compa\u00f1erismo que tenemos estamos logrando grande cosas&#8221;<\/strong>.<\/p>\n","protected":false},"excerpt":{"rendered":"<p>Maximiliano Santa Cruz, autor del gol de Independiente en el empate ag\u00f3nico ante San Lorenzo, dialog\u00f3 en exclusiva con LocoXelRojo y habl\u00f3 sobre las virtudes del equipo. &#8220;Entr\u00e9 con la cabeza fr\u00eda pensando en dejar todo con esta camiseta. El partido se nos escap\u00f3 porque dormimos en la \u00faltima jugada y nos cost\u00f3 caro. Este [&hellip;]<\/p>\n","protected":false},"author":101019,"featured_media":83246,"comment_status":"open","ping_status":"closed","sticky":false,"template":"","format":"standard","meta":{"_links_to":"","_links_to_target":""},"categories":[3261,3247,5],"tags":[3265,3631,4247,3219,4162],"_links":{"self":[{"href":"https:\/\/www.locoxelrojo.com\/independiente\/wp-json\/wp\/v2\/posts\/83245"}],"collection":[{"href":"https:\/\/www.locoxelrojo.com\/independiente\/wp-json\/wp\/v2\/posts"}],"about":[{"href":"https:\/\/www.locoxelrojo.com\/independiente\/wp-json\/wp\/v2\/types\/post"}],"author":[{"embeddable":true,"href":"https:\/\/www.locoxelrojo.com\/independiente\/wp-json\/wp\/v2\/users\/101019"}],"replies":[{"embeddable":true,"href":"https:\/\/www.locoxelrojo.com\/independiente\/wp-json\/wp\/v2\/comments?post=83245"}],"version-history":[{"count":1,"href":"https:\/\/www.locoxelrojo.com\/independiente\/wp-json\/wp\/v2\/posts\/83245\/revisions"}],"predecessor-version":[{"id":83255,"href":"https:\/\/www.locoxelrojo.com\/independiente\/wp-json\/wp\/v2\/posts\/83245\/revisions\/83255"}],"wp:featuredmedia":[{"embeddable":true,"href":"https:\/\/www.locoxelrojo.com\/independiente\/wp-json\/wp\/v2\/media\/83246"}],"wp:attachment":[{"href":"https:\/\/www.locoxelrojo.com\/independiente\/wp-json\/wp\/v2\/media?parent=83245"}],"wp:term":[{"taxonomy":"category","embeddable":true,"href":"https:\/\/www.locoxelrojo.com\/independiente\/wp-json\/wp\/v2\/categories?post=83245"},{"taxonomy":"post_tag","embeddable":true,"href":"https:\/\/www.locoxelrojo.com\/independiente\/wp-json\/wp\/v2\/tags?post=83245"}],"curies":[{"name":"wp","href":"https:\/\/api.w.org\/{rel}","templated":true}]}}