{"id":83398,"date":"2019-05-30T14:00:54","date_gmt":"2019-05-30T17:00:54","guid":{"rendered":"http:\/\/www.locoxelrojo.com\/independiente\/?p=83398"},"modified":"2019-05-30T20:10:03","modified_gmt":"2019-05-30T23:10:03","slug":"opinion-dividida-de-los-hinchas-sobre-la-salida-de-holan","status":"publish","type":"post","link":"https:\/\/www.locoxelrojo.com\/independiente\/2019\/05\/30\/opinion-dividida-de-los-hinchas-sobre-la-salida-de-holan\/","title":{"rendered":"Opini\u00f3n dividida de los hinchas sobre la salida de Holan"},"content":{"rendered":"<p><a href=\"https:\/\/www.locoxelrojo.com\/independiente\/2019\/05\/30\/holan-dejo-de-ser-el-tecnico\/\">Previo a confirmarse la noticia del alejamiento de Ariel Holan<\/a>, desde <strong>LocoXelRojo<\/strong> le preguntamos a la gente si deb\u00eda seguir el t\u00e9cnico al frente del equipo o no. <strong>Si bien el resultado estuvo dividido, la mayor\u00eda opt\u00f3 por discontinuar el contrato<\/strong>.<\/p>\n<p>En una encuesta de Twitter donde votaron cerca de 2.000 personas, <strong>un 54% dijo que el Profesor deb\u00eda dar un paso al costado<\/strong> y un 46% opt\u00f3 por la continuidad del director t\u00e9cnico.<\/p>\n<blockquote class=\"twitter-tweet\" data-lang=\"es\">\n<p dir=\"ltr\" lang=\"es\">La pol\u00e9mica ya est\u00e1 instalada:<\/p>\n<p>\u00bfDebe seguir <a href=\"https:\/\/twitter.com\/arielholan_DT?ref_src=twsrc%5Etfw\">@arielholan_DT<\/a> c\u00f3mo t\u00e9cnico de <a href=\"https:\/\/twitter.com\/hashtag\/Independiente?src=hash&amp;ref_src=twsrc%5Etfw\">#Independiente<\/a>?<\/p>\n<p>\u2014 Independiente (LXR) (@locoxelrojoweb) <a href=\"https:\/\/twitter.com\/locoxelrojoweb\/status\/1133790460051447813?ref_src=twsrc%5Etfw\">29 de mayo de 2019<\/a><\/p><\/blockquote>\n<p><script async src=\"https:\/\/platform.twitter.com\/widgets.js\" charset=\"utf-8\"><\/script>Finalmente y tras casi dos a\u00f1os y medio sentado en el banco del Rey de Copas, Holan dej\u00f3 de ser el entrenador. Ahora, <strong>el hincha podr\u00e1 evaluar su paso al frente del club<\/strong>, donde dirigi\u00f3 104 partidos y cosech\u00f3 dos t\u00edtulos internacionales.<\/p>\n<blockquote class=\"twitter-tweet\" data-lang=\"es\">\n<p dir=\"ltr\" lang=\"es\">\u00bfC\u00f3mo calific\u00e1s al ciclo de Ariel Holan como t\u00e9cnico de <a href=\"https:\/\/twitter.com\/hashtag\/Independiente?src=hash&amp;ref_src=twsrc%5Etfw\">#Independiente<\/a>?<\/p>\n<p>\u2014 Independiente (LXR) (@locoxelrojoweb) <a href=\"https:\/\/twitter.com\/locoxelrojoweb\/status\/1134179614669049858?ref_src=twsrc%5Etfw\">30 de mayo de 2019<\/a><\/p><\/blockquote>\n<p><script async src=\"https:\/\/platform.twitter.com\/widgets.js\" charset=\"utf-8\"><\/script><\/p>\n","protected":false},"excerpt":{"rendered":"<p>Previo a confirmarse la noticia del alejamiento de Ariel Holan, desde LocoXelRojo le preguntamos a la gente si deb\u00eda seguir el t\u00e9cnico al frente del equipo o no. Si bien el resultado estuvo dividido, la mayor\u00eda opt\u00f3 por discontinuar el contrato. En una encuesta de Twitter donde votaron cerca de 2.000 personas, un 54% dijo [&hellip;]<\/p>\n","protected":false},"author":19,"featured_media":83401,"comment_status":"open","ping_status":"closed","sticky":false,"template":"","format":"standard","meta":{"_links_to":"","_links_to_target":""},"categories":[3339,3247],"tags":[2998,153,782,3452,538],"_links":{"self":[{"href":"https:\/\/www.locoxelrojo.com\/independiente\/wp-json\/wp\/v2\/posts\/83398"}],"collection":[{"href":"https:\/\/www.locoxelrojo.com\/independiente\/wp-json\/wp\/v2\/posts"}],"about":[{"href":"https:\/\/www.locoxelrojo.com\/independiente\/wp-json\/wp\/v2\/types\/post"}],"author":[{"embeddable":true,"href":"https:\/\/www.locoxelrojo.com\/independiente\/wp-json\/wp\/v2\/users\/19"}],"replies":[{"embeddable":true,"href":"https:\/\/www.locoxelrojo.com\/independiente\/wp-json\/wp\/v2\/comments?post=83398"}],"version-history":[{"count":0,"href":"https:\/\/www.locoxelrojo.com\/independiente\/wp-json\/wp\/v2\/posts\/83398\/revisions"}],"wp:featuredmedia":[{"embeddable":true,"href":"https:\/\/www.locoxelrojo.com\/independiente\/wp-json\/wp\/v2\/media\/83401"}],"wp:attachment":[{"href":"https:\/\/www.locoxelrojo.com\/independiente\/wp-json\/wp\/v2\/media?parent=83398"}],"wp:term":[{"taxonomy":"category","embeddable":true,"href":"https:\/\/www.locoxelrojo.com\/independiente\/wp-json\/wp\/v2\/categories?post=83398"},{"taxonomy":"post_tag","embeddable":true,"href":"https:\/\/www.locoxelrojo.com\/independiente\/wp-json\/wp\/v2\/tags?post=83398"}],"curies":[{"name":"wp","href":"https:\/\/api.w.org\/{rel}","templated":true}]}}