{"id":83404,"date":"2019-05-30T16:15:09","date_gmt":"2019-05-30T19:15:09","guid":{"rendered":"http:\/\/www.locoxelrojo.com\/independiente\/?p=83404"},"modified":"2019-05-31T20:54:01","modified_gmt":"2019-05-31T23:54:01","slug":"vas-de-manager-rolfi","status":"publish","type":"post","link":"https:\/\/www.locoxelrojo.com\/independiente\/2019\/05\/30\/vas-de-manager-rolfi\/","title":{"rendered":"\u00bfVas de M\u00e1nager, Rolfi?"},"content":{"rendered":"<p><strong>Daniel Gast\u00f3n Montenegro podr\u00eda llegar a Independiente para ocupar el cargo de M\u00e1nager tras la salida de Ariel Holan.<\/strong><\/p>\n<p>En las \u00faltimas horas no solamente <a href=\"https:\/\/www.locoxelrojo.com\/independiente\/2019\/05\/30\/holan-dejo-de-ser-el-tecnico\/\">se confirm\u00f3 la ida de Holan<\/a> y <a href=\"https:\/\/www.locoxelrojo.com\/independiente\/2019\/05\/30\/beccacece-el-elegido\/\">el inter\u00e9s muy firme de los dirigentes para contar con Sebasti\u00e1n Beccacece<\/a>, si no tambi\u00e9n que <strong>se aceler\u00f3 el regreso del Rolfi al Rojo en el rol de secretario t\u00e9cnico.<\/strong><\/p>\n<blockquote class=\"twitter-tweet\" data-lang=\"es\">\n<p dir=\"ltr\" lang=\"es\">Se acelera la llegada de Montenegro a <a href=\"https:\/\/twitter.com\/hashtag\/Independiente?src=hash&amp;ref_src=twsrc%5Etfw\">#Independiente<\/a> despu\u00e9s de la salida de Holan, mientras quieren cerrar lo antes posible a Beccacece.<\/p>\n<p>\u2014 Rodrigo S. Volpi (@rsvolpi) <a href=\"https:\/\/twitter.com\/rsvolpi\/status\/1134185769663389696?ref_src=twsrc%5Etfw\">30 de mayo de 2019<\/a><\/p><\/blockquote>\n<p><script async src=\"https:\/\/platform.twitter.com\/widgets.js\" charset=\"utf-8\"><\/script><\/p>\n<p>Su funci\u00f3n ser\u00eda <strong>ser el v\u00ednculo entre el nuevo DT y el plantel con los dirigentes<\/strong>. Adem\u00e1s, <strong>asesorar\u00e1 a la Comisi\u00f3n Directiva en el armado del nuevo plantel y tendr\u00eda una participaci\u00f3n activa en los mercados de pases<\/strong>.<\/p>\n","protected":false},"excerpt":{"rendered":"<p>Daniel Gast\u00f3n Montenegro podr\u00eda llegar a Independiente para ocupar el cargo de M\u00e1nager tras la salida de Ariel Holan. En las \u00faltimas horas no solamente se confirm\u00f3 la ida de Holan y el inter\u00e9s muy firme de los dirigentes para contar con Sebasti\u00e1n Beccacece, si no tambi\u00e9n que se aceler\u00f3 el regreso del Rolfi al [&hellip;]<\/p>\n","protected":false},"author":1,"featured_media":83407,"comment_status":"open","ping_status":"closed","sticky":false,"template":"","format":"standard","meta":{"_links_to":"","_links_to_target":""},"categories":[3280,3247],"tags":[153,1859],"_links":{"self":[{"href":"https:\/\/www.locoxelrojo.com\/independiente\/wp-json\/wp\/v2\/posts\/83404"}],"collection":[{"href":"https:\/\/www.locoxelrojo.com\/independiente\/wp-json\/wp\/v2\/posts"}],"about":[{"href":"https:\/\/www.locoxelrojo.com\/independiente\/wp-json\/wp\/v2\/types\/post"}],"author":[{"embeddable":true,"href":"https:\/\/www.locoxelrojo.com\/independiente\/wp-json\/wp\/v2\/users\/1"}],"replies":[{"embeddable":true,"href":"https:\/\/www.locoxelrojo.com\/independiente\/wp-json\/wp\/v2\/comments?post=83404"}],"version-history":[{"count":0,"href":"https:\/\/www.locoxelrojo.com\/independiente\/wp-json\/wp\/v2\/posts\/83404\/revisions"}],"wp:featuredmedia":[{"embeddable":true,"href":"https:\/\/www.locoxelrojo.com\/independiente\/wp-json\/wp\/v2\/media\/83407"}],"wp:attachment":[{"href":"https:\/\/www.locoxelrojo.com\/independiente\/wp-json\/wp\/v2\/media?parent=83404"}],"wp:term":[{"taxonomy":"category","embeddable":true,"href":"https:\/\/www.locoxelrojo.com\/independiente\/wp-json\/wp\/v2\/categories?post=83404"},{"taxonomy":"post_tag","embeddable":true,"href":"https:\/\/www.locoxelrojo.com\/independiente\/wp-json\/wp\/v2\/tags?post=83404"}],"curies":[{"name":"wp","href":"https:\/\/api.w.org\/{rel}","templated":true}]}}