{"id":83454,"date":"2019-06-03T20:21:41","date_gmt":"2019-06-03T23:21:41","guid":{"rendered":"http:\/\/www.locoxelrojo.com\/independiente\/?p=83454"},"modified":"2019-06-03T22:41:21","modified_gmt":"2019-06-04T01:41:21","slug":"menossi-una-posibilidad","status":"publish","type":"post","link":"https:\/\/www.locoxelrojo.com\/independiente\/2019\/06\/03\/menossi-una-posibilidad\/","title":{"rendered":"Menossi, una posibilidad"},"content":{"rendered":"<p>Una de las figuras de Tigre, campe\u00f3n de la Copa Superliga, fue <strong>Lucas Menossi<\/strong>, el mediocampista de 26 a\u00f1os que <strong>se encuentra bajo la \u00f3rbita de Sebasti\u00e1n Beccacece<\/strong>.<\/p>\n<p><a href=\"https:\/\/www.locoxelrojo.com\/independiente\/2019\/05\/31\/los-primeros-nombres\/\">Si bien no estaba en la lista inicial de jugadores que el nuevo t\u00e9cnico del Rojo quer\u00eda para reforzar al plantel<\/a>, <strong>en las \u00faltimas horas cobr\u00f3 fuerza en el mundo Independiente el mediocampista del Matador<\/strong>.<\/p>\n<p>Menossi es uno de los pocos futbolistas que no continuar\u00eda en el conjunto de Victoria porque <strong>desde el club no ven con malos ojos el ingreso de dinero<\/strong>. Hasta el momento hay sondeos de ligas del extranjero, como Estados Unidos, M\u00e9xico y Europa, pero la decisi\u00f3n final pasar\u00e1 por el &#8220;5&#8221;.<\/p>\n<p><strong>&#8220;Las \u00faltimas semanas estuve enfocado en Tigre y lo que nos jug\u00e1bamos. Ahora me quiero ir de vacaciones y cuando vuelva, si hay alguna oferta interesante, la analizar\u00e9&#8221;<\/strong>, se\u00f1al\u00f3 esta tarde en TyC Sports.<\/p>\n<p><strong>Menossi<\/strong>, quien <strong>jug\u00f3 31 partidos esta temporada y marc\u00f3 6 goles<\/strong>, se suma a la lista de mediocampistas que quiere el Rojo para la temporada 2019\/2020. La novela reci\u00e9n arranca y por ahora, solo se trata de una posibilidad.<\/p>\n<p><iframe loading=\"lazy\" src=\"https:\/\/www.youtube.com\/embed\/6YX0YkmTmR8\" width=\"560\" height=\"315\" frameborder=\"0\" allowfullscreen=\"allowfullscreen\"><\/iframe><\/p>\n","protected":false},"excerpt":{"rendered":"<p>Una de las figuras de Tigre, campe\u00f3n de la Copa Superliga, fue Lucas Menossi, el mediocampista de 26 a\u00f1os que se encuentra bajo la \u00f3rbita de Sebasti\u00e1n Beccacece. Si bien no estaba en la lista inicial de jugadores que el nuevo t\u00e9cnico del Rojo quer\u00eda para reforzar al plantel, en las \u00faltimas horas cobr\u00f3 fuerza [&hellip;]<\/p>\n","protected":false},"author":19,"featured_media":83456,"comment_status":"open","ping_status":"closed","sticky":false,"template":"","format":"standard","meta":{"_links_to":"","_links_to_target":""},"categories":[3280,3247],"tags":[153,4269,309],"_links":{"self":[{"href":"https:\/\/www.locoxelrojo.com\/independiente\/wp-json\/wp\/v2\/posts\/83454"}],"collection":[{"href":"https:\/\/www.locoxelrojo.com\/independiente\/wp-json\/wp\/v2\/posts"}],"about":[{"href":"https:\/\/www.locoxelrojo.com\/independiente\/wp-json\/wp\/v2\/types\/post"}],"author":[{"embeddable":true,"href":"https:\/\/www.locoxelrojo.com\/independiente\/wp-json\/wp\/v2\/users\/19"}],"replies":[{"embeddable":true,"href":"https:\/\/www.locoxelrojo.com\/independiente\/wp-json\/wp\/v2\/comments?post=83454"}],"version-history":[{"count":0,"href":"https:\/\/www.locoxelrojo.com\/independiente\/wp-json\/wp\/v2\/posts\/83454\/revisions"}],"wp:featuredmedia":[{"embeddable":true,"href":"https:\/\/www.locoxelrojo.com\/independiente\/wp-json\/wp\/v2\/media\/83456"}],"wp:attachment":[{"href":"https:\/\/www.locoxelrojo.com\/independiente\/wp-json\/wp\/v2\/media?parent=83454"}],"wp:term":[{"taxonomy":"category","embeddable":true,"href":"https:\/\/www.locoxelrojo.com\/independiente\/wp-json\/wp\/v2\/categories?post=83454"},{"taxonomy":"post_tag","embeddable":true,"href":"https:\/\/www.locoxelrojo.com\/independiente\/wp-json\/wp\/v2\/tags?post=83454"}],"curies":[{"name":"wp","href":"https:\/\/api.w.org\/{rel}","templated":true}]}}