{"id":83465,"date":"2019-06-04T16:00:57","date_gmt":"2019-06-04T19:00:57","guid":{"rendered":"http:\/\/www.locoxelrojo.com\/independiente\/?p=83465"},"modified":"2019-06-04T23:52:34","modified_gmt":"2019-06-05T02:52:34","slug":"se-alejan-de-avellaneda","status":"publish","type":"post","link":"https:\/\/www.locoxelrojo.com\/independiente\/2019\/06\/04\/se-alejan-de-avellaneda\/","title":{"rendered":"\u00bfSe alejan de Avellaneda?"},"content":{"rendered":"<p><a href=\"https:\/\/www.locoxelrojo.com\/independiente\/2019\/06\/04\/lemme-a-beccacece-le-ira-muy-bien\/\">Luego de referirse a la llegada de Sebasti\u00e1n Beccacece a Independiente<\/a>, <strong>Diego Lemme<\/strong>, presidente de Defensa y Justicia, <a href=\"https:\/\/www.locoxelrojo.com\/independiente\/2019\/05\/31\/los-primeros-nombres\/\">habl\u00f3 sobre los nombres que suenan para reforzar al plantel para la temporada que viene<\/a>.<\/p>\n<p>El primer apuntado fue <strong>Leonel Miranda<\/strong>, quien quiere regresar al Rojo pero tiene ofertas firmes del exterior. <strong>&#8220;Tiene una posibilidad importante de Tijuana de M\u00e9xico, ya acordamos el n\u00famero incluso&#8221;<\/strong>, aclar\u00f3 el mandam\u00e1s del Halc\u00f3n en una charla con Muy Independiente.<\/p>\n<p>Luego, sobre <strong>Mat\u00edas Rojas<\/strong>, quien tiene todo acordado con Racing pero apareci\u00f3 en los planes del Rojo, detall\u00f3: <strong>&#8220;Est\u00e1 m\u00e1s cerca de Racing, nos pusimos de acuerdo con los n\u00fameros, pero no con la forma de pago. Si el futbolista decide pasar a Independiente, ser\u00e1 problema de \u00e9l. Nosotros ya le dimos la palabra a los dirigentes de la Academia&#8221;<\/strong>.<\/p>\n<p>Para finalizar, Lemme no descart\u00f3 futuras ventas al Rey de Copas: <strong>&#8220;Por varios jugadores de Defensa han llamado. Si Beccacece asume en Independiente y los futbolistas quieren ir ah\u00ed es una decisi\u00f3n de ellos. No hay dudas que Rojas, Miranda y (Nicol\u00e1s) Fern\u00e1ndez se sintieron muy c\u00f3modos y rindieron con ese DT&#8221;<\/strong>. \u00bfHar\u00e1 fuerza el nuevo entrenador del Rojo por ellos?<\/p>\n","protected":false},"excerpt":{"rendered":"<p>Luego de referirse a la llegada de Sebasti\u00e1n Beccacece a Independiente, Diego Lemme, presidente de Defensa y Justicia, habl\u00f3 sobre los nombres que suenan para reforzar al plantel para la temporada que viene. El primer apuntado fue Leonel Miranda, quien quiere regresar al Rojo pero tiene ofertas firmes del exterior. &#8220;Tiene una posibilidad importante de [&hellip;]<\/p>\n","protected":false},"author":25,"featured_media":83466,"comment_status":"open","ping_status":"closed","sticky":false,"template":"","format":"standard","meta":{"_links_to":"","_links_to_target":""},"categories":[3280,3247],"tags":[153,3200,1347,4266,4017,3532],"_links":{"self":[{"href":"https:\/\/www.locoxelrojo.com\/independiente\/wp-json\/wp\/v2\/posts\/83465"}],"collection":[{"href":"https:\/\/www.locoxelrojo.com\/independiente\/wp-json\/wp\/v2\/posts"}],"about":[{"href":"https:\/\/www.locoxelrojo.com\/independiente\/wp-json\/wp\/v2\/types\/post"}],"author":[{"embeddable":true,"href":"https:\/\/www.locoxelrojo.com\/independiente\/wp-json\/wp\/v2\/users\/25"}],"replies":[{"embeddable":true,"href":"https:\/\/www.locoxelrojo.com\/independiente\/wp-json\/wp\/v2\/comments?post=83465"}],"version-history":[{"count":0,"href":"https:\/\/www.locoxelrojo.com\/independiente\/wp-json\/wp\/v2\/posts\/83465\/revisions"}],"wp:featuredmedia":[{"embeddable":true,"href":"https:\/\/www.locoxelrojo.com\/independiente\/wp-json\/wp\/v2\/media\/83466"}],"wp:attachment":[{"href":"https:\/\/www.locoxelrojo.com\/independiente\/wp-json\/wp\/v2\/media?parent=83465"}],"wp:term":[{"taxonomy":"category","embeddable":true,"href":"https:\/\/www.locoxelrojo.com\/independiente\/wp-json\/wp\/v2\/categories?post=83465"},{"taxonomy":"post_tag","embeddable":true,"href":"https:\/\/www.locoxelrojo.com\/independiente\/wp-json\/wp\/v2\/tags?post=83465"}],"curies":[{"name":"wp","href":"https:\/\/api.w.org\/{rel}","templated":true}]}}