{"id":83467,"date":"2019-06-04T20:00:13","date_gmt":"2019-06-04T23:00:13","guid":{"rendered":"http:\/\/www.locoxelrojo.com\/independiente\/?p=83467"},"modified":"2019-06-04T23:59:13","modified_gmt":"2019-06-05T02:59:13","slug":"en-mexico-desmienten-el-interes-por-el-puma","status":"publish","type":"post","link":"https:\/\/www.locoxelrojo.com\/independiente\/2019\/06\/04\/en-mexico-desmienten-el-interes-por-el-puma\/","title":{"rendered":"En M\u00e9xico desmienten el inter\u00e9s por el Puma"},"content":{"rendered":"<p>Independiente tiene intenciones de volver a contar con Emmanuel Gigliotti para la temporada que viene. Sin embargo, <strong>parece que nada formal ha llegado a Toluca a\u00fan<\/strong>.<\/p>\n<p>Mauricio Gardu\u00f1o, director de Comunicaciones de Toluca, expres\u00f3 en Orgullo Rojo Radio: <strong>\u201cHoy Gigliotti se reincorpor\u00f3 a las pr\u00e1cticas y no nos comentaron nada del inter\u00e9s de Independiente&#8221;<\/strong>.<\/p>\n<p>Respecto de la posibilidad de hacer un trueque con Silvio Romero, Gardu\u00f1o se\u00f1al\u00f3: <strong>&#8220;Ma\u00f1ana nos reuniremos con (Ricardo) La Volpe, pero no nos ha informado nada sobre un supuesto inter\u00e9s por Silvio Romero&#8221;<\/strong>.<\/p>\n<p>En cuanto al rendimiento del Puma en tierras mexicanas, aclar\u00f3: <strong>&#8220;Es un jugador que lleg\u00f3 demasiado tarde a la temporada. Se incorpor\u00f3 casi a mitad de torneo y le cost\u00f3 adaptarse, fue de menos a m\u00e1s. Es un gran jugador y esperamos que mejore&#8221;<\/strong>.<\/p>\n<p>Para finalizar, el dirigente fue consultado sobre cierta resistencia de la afici\u00f3n para con Gigliotti, sobre lo que respondi\u00f3: <strong>&#8220;El p\u00fablico de Toluca es exigente y Emmanuel ha demostrado mucha capacidad en Boca e Independiente, por eso le piden m\u00e1s&#8221;<\/strong>.<\/p>\n","protected":false},"excerpt":{"rendered":"<p>Independiente tiene intenciones de volver a contar con Emmanuel Gigliotti para la temporada que viene. Sin embargo, parece que nada formal ha llegado a Toluca a\u00fan. Mauricio Gardu\u00f1o, director de Comunicaciones de Toluca, expres\u00f3 en Orgullo Rojo Radio: \u201cHoy Gigliotti se reincorpor\u00f3 a las pr\u00e1cticas y no nos comentaron nada del inter\u00e9s de Independiente&#8221;. Respecto [&hellip;]<\/p>\n","protected":false},"author":101016,"featured_media":83468,"comment_status":"open","ping_status":"closed","sticky":false,"template":"","format":"standard","meta":{"_links_to":"","_links_to_target":""},"categories":[3280,3247],"tags":[153,2199,4273,3204],"_links":{"self":[{"href":"https:\/\/www.locoxelrojo.com\/independiente\/wp-json\/wp\/v2\/posts\/83467"}],"collection":[{"href":"https:\/\/www.locoxelrojo.com\/independiente\/wp-json\/wp\/v2\/posts"}],"about":[{"href":"https:\/\/www.locoxelrojo.com\/independiente\/wp-json\/wp\/v2\/types\/post"}],"author":[{"embeddable":true,"href":"https:\/\/www.locoxelrojo.com\/independiente\/wp-json\/wp\/v2\/users\/101016"}],"replies":[{"embeddable":true,"href":"https:\/\/www.locoxelrojo.com\/independiente\/wp-json\/wp\/v2\/comments?post=83467"}],"version-history":[{"count":0,"href":"https:\/\/www.locoxelrojo.com\/independiente\/wp-json\/wp\/v2\/posts\/83467\/revisions"}],"wp:featuredmedia":[{"embeddable":true,"href":"https:\/\/www.locoxelrojo.com\/independiente\/wp-json\/wp\/v2\/media\/83468"}],"wp:attachment":[{"href":"https:\/\/www.locoxelrojo.com\/independiente\/wp-json\/wp\/v2\/media?parent=83467"}],"wp:term":[{"taxonomy":"category","embeddable":true,"href":"https:\/\/www.locoxelrojo.com\/independiente\/wp-json\/wp\/v2\/categories?post=83467"},{"taxonomy":"post_tag","embeddable":true,"href":"https:\/\/www.locoxelrojo.com\/independiente\/wp-json\/wp\/v2\/tags?post=83467"}],"curies":[{"name":"wp","href":"https:\/\/api.w.org\/{rel}","templated":true}]}}