{"id":83504,"date":"2019-06-07T21:19:11","date_gmt":"2019-06-08T00:19:11","guid":{"rendered":"http:\/\/www.locoxelrojo.com\/independiente\/?p=83504"},"modified":"2019-06-10T22:48:17","modified_gmt":"2019-06-11T01:48:17","slug":"los-que-acompanan-a-beccacece","status":"publish","type":"post","link":"https:\/\/www.locoxelrojo.com\/independiente\/2019\/06\/07\/los-que-acompanan-a-beccacece\/","title":{"rendered":"Los que acompa\u00f1an a Beccacece"},"content":{"rendered":"<p><a href=\"https:\/\/www.locoxelrojo.com\/independiente\/2019\/06\/07\/sebastian-beccacece-nuevo-dt\/\">Sebasti\u00e1n Beccacece asumi\u00f3 este viernes como nuevo t\u00e9cnico de Independiente<\/a> y, en principio, <strong>llega con cinco colaboradores.<\/strong><\/p>\n<p>Ya es oficial que Beccacece ser\u00e1 el entrenador de Independiente por un a\u00f1o, y <strong>su cuerpo t\u00e9cnico estar\u00e1 integrado por sus principales colaboradores que estuvieron junto a \u00e9l en Defensa y Justicia.<\/strong><\/p>\n<p><strong>Sus ayudantes de campo ser\u00e1n Nicol\u00e1s Diez y Guillermo Marino<\/strong>, ambos los m\u00e1s cercanos al DT. En <strong>la preparaci\u00f3n f\u00edsica estar\u00e1n los profes Ernesto Colman y Mart\u00edn Bressan<\/strong>. Por su parte, <strong>el encargado de estar al frente de los trabajos de los arqueros ser\u00e1 Juan Gamband\u00e9.<\/strong><\/p>\n<p>A\u00fan falta saber si tendr\u00e1 m\u00e1s gente que lo ayude en las tareas diarias y los d\u00edas del partido. Adem\u00e1s, <strong>tendr\u00e1 que definir junto a los dirigentes el cuerpo m\u00e9dico y los encargados de manejar la Reserva.<\/strong><\/p>\n<p><iframe loading=\"lazy\" width=\"560\" height=\"315\" src=\"https:\/\/www.youtube.com\/embed\/uoYyqfR5_8w\" frameborder=\"0\" allow=\"accelerometer; autoplay; encrypted-media; gyroscope; picture-in-picture\" allowfullscreen><\/iframe><\/p>\n","protected":false},"excerpt":{"rendered":"<p>Sebasti\u00e1n Beccacece asumi\u00f3 este viernes como nuevo t\u00e9cnico de Independiente y, en principio, llega con cinco colaboradores. Ya es oficial que Beccacece ser\u00e1 el entrenador de Independiente por un a\u00f1o, y su cuerpo t\u00e9cnico estar\u00e1 integrado por sus principales colaboradores que estuvieron junto a \u00e9l en Defensa y Justicia. Sus ayudantes de campo ser\u00e1n Nicol\u00e1s [&hellip;]<\/p>\n","protected":false},"author":1,"featured_media":83509,"comment_status":"open","ping_status":"closed","sticky":false,"template":"","format":"standard","meta":{"_links_to":"","_links_to_target":""},"categories":[3247,3],"tags":[153,4279,4278,4281,4280,4277,3532],"_links":{"self":[{"href":"https:\/\/www.locoxelrojo.com\/independiente\/wp-json\/wp\/v2\/posts\/83504"}],"collection":[{"href":"https:\/\/www.locoxelrojo.com\/independiente\/wp-json\/wp\/v2\/posts"}],"about":[{"href":"https:\/\/www.locoxelrojo.com\/independiente\/wp-json\/wp\/v2\/types\/post"}],"author":[{"embeddable":true,"href":"https:\/\/www.locoxelrojo.com\/independiente\/wp-json\/wp\/v2\/users\/1"}],"replies":[{"embeddable":true,"href":"https:\/\/www.locoxelrojo.com\/independiente\/wp-json\/wp\/v2\/comments?post=83504"}],"version-history":[{"count":0,"href":"https:\/\/www.locoxelrojo.com\/independiente\/wp-json\/wp\/v2\/posts\/83504\/revisions"}],"wp:featuredmedia":[{"embeddable":true,"href":"https:\/\/www.locoxelrojo.com\/independiente\/wp-json\/wp\/v2\/media\/83509"}],"wp:attachment":[{"href":"https:\/\/www.locoxelrojo.com\/independiente\/wp-json\/wp\/v2\/media?parent=83504"}],"wp:term":[{"taxonomy":"category","embeddable":true,"href":"https:\/\/www.locoxelrojo.com\/independiente\/wp-json\/wp\/v2\/categories?post=83504"},{"taxonomy":"post_tag","embeddable":true,"href":"https:\/\/www.locoxelrojo.com\/independiente\/wp-json\/wp\/v2\/tags?post=83504"}],"curies":[{"name":"wp","href":"https:\/\/api.w.org\/{rel}","templated":true}]}}