{"id":83547,"date":"2019-06-12T10:00:27","date_gmt":"2019-06-12T13:00:27","guid":{"rendered":"http:\/\/www.locoxelrojo.com\/independiente\/?p=83547"},"modified":"2019-06-12T19:40:45","modified_gmt":"2019-06-12T22:40:45","slug":"rearmado-de-la-reserva","status":"publish","type":"post","link":"https:\/\/www.locoxelrojo.com\/independiente\/2019\/06\/12\/rearmado-de-la-reserva\/","title":{"rendered":"Rearmado de la Reserva"},"content":{"rendered":"<p>Sebasti\u00e1n Beccacece lleg\u00f3 a Independiente con muchas nuevas ideas y formas de trabajar. Una de ellas es reestructurar el trabajo de Inferiores, proponiendo un nuevo t\u00e9cnico para la Reserva, que ser\u00eda <b>Marcelo G\u00f3mez<\/b>.<\/p>\n<p><b>\u201cMarcelo G\u00f3mez va a ser el t\u00e9cnico de la Reserva si llega a un acuerdo con la instituci\u00f3n. Lo conocemos y creemos que puede ser un aporte\u201d<\/b>, coment\u00f3 el nuevo DT en Radio La Red.<\/p>\n<p>Esto comenz\u00f3 a principios de semana con algunos llamados telef\u00f3nicos y el martes <b>hubo una reuni\u00f3n a la ma\u00f1ana en Villa Dom\u00ednico entre G\u00f3mez y Beccacece<\/b>, donde dej\u00f3 una buena impresi\u00f3n. Reemplazar\u00eda el trabajo que estuvo realizando Leandro Stillitano y <b>su cuerpo t\u00e9cnico se formar\u00eda con Mariano Echeverr\u00eda (ex DT de Tigre) como ayudante y Guido Thompson como preparador f\u00edsico<\/b>.<\/p>\n<p>El Negro trabaj\u00f3 en las Inferiores y en la Reserva de V\u00e9lez, adem\u00e1s de un breve interinato en el club de Liniers y en Godoy Cruz de Mendoza. <b>Por su parte, Fernando Ber\u00f3n continuar\u00eda como Coordinador de Inferiores<\/b>.<\/p>\n","protected":false},"excerpt":{"rendered":"<p>Sebasti\u00e1n Beccacece lleg\u00f3 a Independiente con muchas nuevas ideas y formas de trabajar. Una de ellas es reestructurar el trabajo de Inferiores, proponiendo un nuevo t\u00e9cnico para la Reserva, que ser\u00eda Marcelo G\u00f3mez. \u201cMarcelo G\u00f3mez va a ser el t\u00e9cnico de la Reserva si llega a un acuerdo con la instituci\u00f3n. Lo conocemos y creemos [&hellip;]<\/p>\n","protected":false},"author":101017,"featured_media":83548,"comment_status":"open","ping_status":"closed","sticky":false,"template":"","format":"standard","meta":{"_links_to":"","_links_to_target":""},"categories":[3247,141],"tags":[153,4286],"_links":{"self":[{"href":"https:\/\/www.locoxelrojo.com\/independiente\/wp-json\/wp\/v2\/posts\/83547"}],"collection":[{"href":"https:\/\/www.locoxelrojo.com\/independiente\/wp-json\/wp\/v2\/posts"}],"about":[{"href":"https:\/\/www.locoxelrojo.com\/independiente\/wp-json\/wp\/v2\/types\/post"}],"author":[{"embeddable":true,"href":"https:\/\/www.locoxelrojo.com\/independiente\/wp-json\/wp\/v2\/users\/101017"}],"replies":[{"embeddable":true,"href":"https:\/\/www.locoxelrojo.com\/independiente\/wp-json\/wp\/v2\/comments?post=83547"}],"version-history":[{"count":0,"href":"https:\/\/www.locoxelrojo.com\/independiente\/wp-json\/wp\/v2\/posts\/83547\/revisions"}],"wp:featuredmedia":[{"embeddable":true,"href":"https:\/\/www.locoxelrojo.com\/independiente\/wp-json\/wp\/v2\/media\/83548"}],"wp:attachment":[{"href":"https:\/\/www.locoxelrojo.com\/independiente\/wp-json\/wp\/v2\/media?parent=83547"}],"wp:term":[{"taxonomy":"category","embeddable":true,"href":"https:\/\/www.locoxelrojo.com\/independiente\/wp-json\/wp\/v2\/categories?post=83547"},{"taxonomy":"post_tag","embeddable":true,"href":"https:\/\/www.locoxelrojo.com\/independiente\/wp-json\/wp\/v2\/tags?post=83547"}],"curies":[{"name":"wp","href":"https:\/\/api.w.org\/{rel}","templated":true}]}}