{"id":83598,"date":"2019-06-17T14:45:09","date_gmt":"2019-06-17T17:45:09","guid":{"rendered":"http:\/\/www.locoxelrojo.com\/independiente\/?p=83598"},"modified":"2019-06-18T12:36:19","modified_gmt":"2019-06-18T15:36:19","slug":"los-que-no-tendra-en-cuenta","status":"publish","type":"post","link":"https:\/\/www.locoxelrojo.com\/independiente\/2019\/06\/17\/los-que-no-tendra-en-cuenta\/","title":{"rendered":"Los que no tendr\u00e1 en cuenta"},"content":{"rendered":"<p>En su primer d\u00eda en Independiente, <strong>Sebasti\u00e1n Beccacece decidi\u00f3 que un grupo de futbolistas trabajen de manera diferenciada ya que no ser\u00e1n tenidos en cuenta.<\/strong><\/p>\n<p>A las bajas de Guillermo Burdisso, Emanuel Br\u00edtez y Ezequiel Cerutti habr\u00eda que comenzar a sumarles estos nombres: <strong>Brian Gauna, Leonel \u00c1lvarez, Ezequiel Denis, Juli\u00e1n Vitale y Nicol\u00e1s Messiniti entrenaron junto a un preparador f\u00edsico apartados del grupo<\/strong>. Ellos tampoco est\u00e1n en consideraci\u00f3n de Marcelo G\u00f3mez, flamante t\u00e9cnico de la Reserva, por lo tanto, <strong>se mover\u00e1n de esta manera hasta que se resuelva qu\u00e9 ser\u00e1 de su futuro<\/strong>.<\/p>\n<p>En una situaci\u00f3n distinta se encuentran <strong>Lucas Villalba y Lucas Albertengo, que regresaron de sus pr\u00e9stamos y van a ser evaluados por Beccacece durante los primeros d\u00edas de la pretemporada.<\/strong><\/p>\n","protected":false},"excerpt":{"rendered":"<p>En su primer d\u00eda en Independiente, Sebasti\u00e1n Beccacece decidi\u00f3 que un grupo de futbolistas trabajen de manera diferenciada ya que no ser\u00e1n tenidos en cuenta. A las bajas de Guillermo Burdisso, Emanuel Br\u00edtez y Ezequiel Cerutti habr\u00eda que comenzar a sumarles estos nombres: Brian Gauna, Leonel \u00c1lvarez, Ezequiel Denis, Juli\u00e1n Vitale y Nicol\u00e1s Messiniti entrenaron [&hellip;]<\/p>\n","protected":false},"author":1,"featured_media":83599,"comment_status":"open","ping_status":"closed","sticky":false,"template":"","format":"standard","meta":{"_links_to":"","_links_to_target":""},"categories":[3247,3],"tags":[3937,153,2874,2867,2286,3109,4093,3532],"_links":{"self":[{"href":"https:\/\/www.locoxelrojo.com\/independiente\/wp-json\/wp\/v2\/posts\/83598"}],"collection":[{"href":"https:\/\/www.locoxelrojo.com\/independiente\/wp-json\/wp\/v2\/posts"}],"about":[{"href":"https:\/\/www.locoxelrojo.com\/independiente\/wp-json\/wp\/v2\/types\/post"}],"author":[{"embeddable":true,"href":"https:\/\/www.locoxelrojo.com\/independiente\/wp-json\/wp\/v2\/users\/1"}],"replies":[{"embeddable":true,"href":"https:\/\/www.locoxelrojo.com\/independiente\/wp-json\/wp\/v2\/comments?post=83598"}],"version-history":[{"count":0,"href":"https:\/\/www.locoxelrojo.com\/independiente\/wp-json\/wp\/v2\/posts\/83598\/revisions"}],"wp:featuredmedia":[{"embeddable":true,"href":"https:\/\/www.locoxelrojo.com\/independiente\/wp-json\/wp\/v2\/media\/83599"}],"wp:attachment":[{"href":"https:\/\/www.locoxelrojo.com\/independiente\/wp-json\/wp\/v2\/media?parent=83598"}],"wp:term":[{"taxonomy":"category","embeddable":true,"href":"https:\/\/www.locoxelrojo.com\/independiente\/wp-json\/wp\/v2\/categories?post=83598"},{"taxonomy":"post_tag","embeddable":true,"href":"https:\/\/www.locoxelrojo.com\/independiente\/wp-json\/wp\/v2\/tags?post=83598"}],"curies":[{"name":"wp","href":"https:\/\/api.w.org\/{rel}","templated":true}]}}