{"id":83672,"date":"2019-06-22T18:22:16","date_gmt":"2019-06-22T21:22:16","guid":{"rendered":"http:\/\/www.locoxelrojo.com\/independiente\/?p=83672"},"modified":"2019-06-22T18:22:16","modified_gmt":"2019-06-22T21:22:16","slug":"el-ultimo-en-dominico","status":"publish","type":"post","link":"https:\/\/www.locoxelrojo.com\/independiente\/2019\/06\/22\/el-ultimo-en-dominico\/","title":{"rendered":"El \u00faltimo en Dom\u00ednico"},"content":{"rendered":"<p>Este s\u00e1bado Independiente tuvo su \u00faltimo entrenamiento en Villa Dom\u00ednico. <strong>A partir del lunes, continuar\u00e1 la pretemporada en Ezeiza.<\/strong><\/p>\n<p>Est\u00e1 ma\u00f1ana los dirigidos por Sebasti\u00e1n Beccacece realizaron la \u00faltima pr\u00e1ctica antes de arrancar la parte m\u00e1s exigente en el predio de la AFA a partir de la semana que viene.<\/p>\n<p>La buena noticia para el DT fue que <strong>Carlos Benav\u00eddez y Nicol\u00e1s Figal entrenaron a la par del grupo.<\/strong> <\/p>\n<p><strong>Rutinas en el gimnasio, trabajos f\u00edsicos de campo, ejercicios de control y presi\u00f3n, movilidad, b\u00fasqueda de espacios, recuperaci\u00f3n alta y movimientos en espacios reducidos<\/strong>, fueron las tareas para el plantel. El domingo, tendr\u00e1n el d\u00eda libre.<\/p>\n","protected":false},"excerpt":{"rendered":"<p>Este s\u00e1bado Independiente tuvo su \u00faltimo entrenamiento en Villa Dom\u00ednico. A partir del lunes, continuar\u00e1 la pretemporada en Ezeiza. Est\u00e1 ma\u00f1ana los dirigidos por Sebasti\u00e1n Beccacece realizaron la \u00faltima pr\u00e1ctica antes de arrancar la parte m\u00e1s exigente en el predio de la AFA a partir de la semana que viene. La buena noticia para el [&hellip;]<\/p>\n","protected":false},"author":1,"featured_media":83673,"comment_status":"open","ping_status":"closed","sticky":false,"template":"","format":"standard","meta":{"_links_to":"","_links_to_target":""},"categories":[3247,3],"tags":[3758,153,2625,4093,3532,172],"_links":{"self":[{"href":"https:\/\/www.locoxelrojo.com\/independiente\/wp-json\/wp\/v2\/posts\/83672"}],"collection":[{"href":"https:\/\/www.locoxelrojo.com\/independiente\/wp-json\/wp\/v2\/posts"}],"about":[{"href":"https:\/\/www.locoxelrojo.com\/independiente\/wp-json\/wp\/v2\/types\/post"}],"author":[{"embeddable":true,"href":"https:\/\/www.locoxelrojo.com\/independiente\/wp-json\/wp\/v2\/users\/1"}],"replies":[{"embeddable":true,"href":"https:\/\/www.locoxelrojo.com\/independiente\/wp-json\/wp\/v2\/comments?post=83672"}],"version-history":[{"count":0,"href":"https:\/\/www.locoxelrojo.com\/independiente\/wp-json\/wp\/v2\/posts\/83672\/revisions"}],"wp:featuredmedia":[{"embeddable":true,"href":"https:\/\/www.locoxelrojo.com\/independiente\/wp-json\/wp\/v2\/media\/83673"}],"wp:attachment":[{"href":"https:\/\/www.locoxelrojo.com\/independiente\/wp-json\/wp\/v2\/media?parent=83672"}],"wp:term":[{"taxonomy":"category","embeddable":true,"href":"https:\/\/www.locoxelrojo.com\/independiente\/wp-json\/wp\/v2\/categories?post=83672"},{"taxonomy":"post_tag","embeddable":true,"href":"https:\/\/www.locoxelrojo.com\/independiente\/wp-json\/wp\/v2\/tags?post=83672"}],"curies":[{"name":"wp","href":"https:\/\/api.w.org\/{rel}","templated":true}]}}